{"id":991,"date":"2013-04-10T18:44:36","date_gmt":"2013-04-10T18:44:36","guid":{"rendered":"http:\/\/ingra.net\/online\/?p=991"},"modified":"2013-04-10T18:45:36","modified_gmt":"2013-04-10T18:45:36","slug":"nos-vamos-de-romeria","status":"publish","type":"post","link":"https:\/\/ingra.net\/online\/nos-vamos-de-romeria\/","title":{"rendered":"Nos vamos de romer\u00eda"},"content":{"rendered":"<p>Los d\u00edas 11 y 12 de abril, estaremos en la romer\u00eda de la Santa Faz, la tradicional romer\u00eda alicantina, volvemos el lunes 15 de Abril, a nuestros amigos en Alicante desearles una divertida romer\u00eda, y a los de fuera de Alicante, invitarles a que conozcan esta fiesta de gran tradici\u00f3n en la ciudad de Alicante.<\/p>\n<p>Volvemos el lunes 15 de Abril.<\/p>\n<p><a href=\"http:\/\/ingra.net\/online\/wp-content\/uploads\/2013\/04\/santafaz2013.png\"><img loading=\"lazy\" decoding=\"async\" class=\"alignnone size-full wp-image-992\" title=\"santafaz2013\" src=\"http:\/\/ingra.net\/online\/wp-content\/uploads\/2013\/04\/santafaz2013.png\" alt=\"Estaremos en la romer\u00eda de la Santa Faz\" width=\"600\" height=\"622\" srcset=\"https:\/\/ingra.net\/online\/wp-content\/uploads\/2013\/04\/santafaz2013.png 600w, https:\/\/ingra.net\/online\/wp-content\/uploads\/2013\/04\/santafaz2013-300x311.png 300w, https:\/\/ingra.net\/online\/wp-content\/uploads\/2013\/04\/santafaz2013-289x300.png 289w, https:\/\/ingra.net\/online\/wp-content\/uploads\/2013\/04\/santafaz2013-150x156.png 150w, https:\/\/ingra.net\/online\/wp-content\/uploads\/2013\/04\/santafaz2013-386x400.png 386w\" sizes=\"auto, (max-width: 600px) 100vw, 600px\" \/><\/a><\/p>\n","protected":false},"excerpt":{"rendered":"<p>Los d\u00edas 11 y 12 de abril, estaremos en la romer\u00eda de la Santa Faz, la tradicional romer\u00eda alicantina, volvemos<\/p>\n","protected":false},"author":1,"featured_media":992,"comment_status":"open","ping_status":"open","sticky":false,"template":"","format":"standard","meta":{"_monsterinsights_skip_tracking":false,"_monsterinsights_sitenote_active":false,"_monsterinsights_sitenote_note":"","_monsterinsights_sitenote_category":0,"footnotes":""},"categories":[17,14],"tags":[34,233,238],"class_list":["post-991","post","type-post","status-publish","format-standard","has-post-thumbnail","hentry","category-comunicados","category-ingra","tag-alicante","tag-romeria","tag-santa-faz"],"yoast_head":"<!-- This site is optimized with the Yoast SEO plugin v27.4 - https:\/\/yoast.com\/product\/yoast-seo-wordpress\/ -->\n<title>Nos vamos de romer\u00eda | Ingra Impresores<\/title>\n<meta name=\"robots\" content=\"index, follow, max-snippet:-1, max-image-preview:large, max-video-preview:-1\" \/>\n<link rel=\"canonical\" href=\"https:\/\/ingra.net\/online\/nos-vamos-de-romeria\/\" \/>\n<meta property=\"og:locale\" content=\"es_ES\" \/>\n<meta property=\"og:type\" content=\"article\" \/>\n<meta property=\"og:title\" content=\"Nos vamos de romer\u00eda | Ingra Impresores\" \/>\n<meta property=\"og:description\" content=\"Los d\u00edas 11 y 12 de abril, estaremos en la romer\u00eda de la Santa Faz, la tradicional romer\u00eda alicantina, volvemos\" \/>\n<meta property=\"og:url\" content=\"https:\/\/ingra.net\/online\/nos-vamos-de-romeria\/\" \/>\n<meta property=\"og:site_name\" content=\"Ingra Impresores\" \/>\n<meta property=\"article:publisher\" content=\"https:\/\/www.facebook.com\/INGRAIMPRESORES\" \/>\n<meta property=\"article:published_time\" content=\"2013-04-10T18:44:36+00:00\" \/>\n<meta property=\"article:modified_time\" content=\"2013-04-10T18:45:36+00:00\" \/>\n<meta property=\"og:image\" content=\"https:\/\/ingra.net\/online\/wp-content\/uploads\/2013\/04\/santafaz2013.png\" \/>\n\t<meta property=\"og:image:width\" content=\"600\" \/>\n\t<meta property=\"og:image:height\" content=\"622\" \/>\n\t<meta property=\"og:image:type\" content=\"image\/png\" \/>\n<meta name=\"author\" content=\"admin\" \/>\n<meta name=\"twitter:card\" content=\"summary_large_image\" \/>\n<meta name=\"twitter:creator\" content=\"@IngraImpresores\" \/>\n<meta name=\"twitter:site\" content=\"@IngraImpresores\" \/>\n<meta name=\"twitter:label1\" content=\"Escrito por\" \/>\n\t<meta name=\"twitter:data1\" content=\"admin\" \/>\n<script type=\"application\/ld+json\" class=\"yoast-schema-graph\">{\"@context\":\"https:\\\/\\\/schema.org\",\"@graph\":[{\"@type\":\"Article\",\"@id\":\"https:\\\/\\\/ingra.net\\\/online\\\/nos-vamos-de-romeria\\\/#article\",\"isPartOf\":{\"@id\":\"https:\\\/\\\/ingra.net\\\/online\\\/nos-vamos-de-romeria\\\/\"},\"author\":{\"name\":\"admin\",\"@id\":\"https:\\\/\\\/ingra.net\\\/online\\\/#\\\/schema\\\/person\\\/cb8ac7bf3c7e33e7c44c2d7d1f3875b6\"},\"headline\":\"Nos vamos de romer\u00eda\",\"datePublished\":\"2013-04-10T18:44:36+00:00\",\"dateModified\":\"2013-04-10T18:45:36+00:00\",\"mainEntityOfPage\":{\"@id\":\"https:\\\/\\\/ingra.net\\\/online\\\/nos-vamos-de-romeria\\\/\"},\"wordCount\":67,\"commentCount\":0,\"publisher\":{\"@id\":\"https:\\\/\\\/ingra.net\\\/online\\\/#organization\"},\"image\":{\"@id\":\"https:\\\/\\\/ingra.net\\\/online\\\/nos-vamos-de-romeria\\\/#primaryimage\"},\"thumbnailUrl\":\"https:\\\/\\\/ingra.net\\\/online\\\/wp-content\\\/uploads\\\/2013\\\/04\\\/santafaz2013.png\",\"keywords\":[\"alicante\",\"romer\u00eda\",\"Santa Faz\"],\"articleSection\":[\"Comunicados\",\"ingra\"],\"inLanguage\":\"es\",\"potentialAction\":[{\"@type\":\"CommentAction\",\"name\":\"Comment\",\"target\":[\"https:\\\/\\\/ingra.net\\\/online\\\/nos-vamos-de-romeria\\\/#respond\"]}]},{\"@type\":\"WebPage\",\"@id\":\"https:\\\/\\\/ingra.net\\\/online\\\/nos-vamos-de-romeria\\\/\",\"url\":\"https:\\\/\\\/ingra.net\\\/online\\\/nos-vamos-de-romeria\\\/\",\"name\":\"Nos vamos de romer\u00eda | Ingra Impresores\",\"isPartOf\":{\"@id\":\"https:\\\/\\\/ingra.net\\\/online\\\/#website\"},\"primaryImageOfPage\":{\"@id\":\"https:\\\/\\\/ingra.net\\\/online\\\/nos-vamos-de-romeria\\\/#primaryimage\"},\"image\":{\"@id\":\"https:\\\/\\\/ingra.net\\\/online\\\/nos-vamos-de-romeria\\\/#primaryimage\"},\"thumbnailUrl\":\"https:\\\/\\\/ingra.net\\\/online\\\/wp-content\\\/uploads\\\/2013\\\/04\\\/santafaz2013.png\",\"datePublished\":\"2013-04-10T18:44:36+00:00\",\"dateModified\":\"2013-04-10T18:45:36+00:00\",\"breadcrumb\":{\"@id\":\"https:\\\/\\\/ingra.net\\\/online\\\/nos-vamos-de-romeria\\\/#breadcrumb\"},\"inLanguage\":\"es\",\"potentialAction\":[{\"@type\":\"ReadAction\",\"target\":[\"https:\\\/\\\/ingra.net\\\/online\\\/nos-vamos-de-romeria\\\/\"]}]},{\"@type\":\"ImageObject\",\"inLanguage\":\"es\",\"@id\":\"https:\\\/\\\/ingra.net\\\/online\\\/nos-vamos-de-romeria\\\/#primaryimage\",\"url\":\"https:\\\/\\\/ingra.net\\\/online\\\/wp-content\\\/uploads\\\/2013\\\/04\\\/santafaz2013.png\",\"contentUrl\":\"https:\\\/\\\/ingra.net\\\/online\\\/wp-content\\\/uploads\\\/2013\\\/04\\\/santafaz2013.png\",\"width\":600,\"height\":622,\"caption\":\"Estaremos en la romer\u00eda de la Santa Faz\"},{\"@type\":\"BreadcrumbList\",\"@id\":\"https:\\\/\\\/ingra.net\\\/online\\\/nos-vamos-de-romeria\\\/#breadcrumb\",\"itemListElement\":[{\"@type\":\"ListItem\",\"position\":1,\"name\":\"Portada\",\"item\":\"https:\\\/\\\/ingra.net\\\/online\\\/\"},{\"@type\":\"ListItem\",\"position\":2,\"name\":\"Nos vamos de romer\u00eda\"}]},{\"@type\":\"WebSite\",\"@id\":\"https:\\\/\\\/ingra.net\\\/online\\\/#website\",\"url\":\"https:\\\/\\\/ingra.net\\\/online\\\/\",\"name\":\"Ingra Impresores\",\"description\":\"Imprenta Offset y digital en Alicante\",\"publisher\":{\"@id\":\"https:\\\/\\\/ingra.net\\\/online\\\/#organization\"},\"alternateName\":\"INGRA\",\"potentialAction\":[{\"@type\":\"SearchAction\",\"target\":{\"@type\":\"EntryPoint\",\"urlTemplate\":\"https:\\\/\\\/ingra.net\\\/online\\\/?s={search_term_string}\"},\"query-input\":{\"@type\":\"PropertyValueSpecification\",\"valueRequired\":true,\"valueName\":\"search_term_string\"}}],\"inLanguage\":\"es\"},{\"@type\":\"Organization\",\"@id\":\"https:\\\/\\\/ingra.net\\\/online\\\/#organization\",\"name\":\"Ingra Impresores\",\"alternateName\":\"Ingra impresores\",\"url\":\"https:\\\/\\\/ingra.net\\\/online\\\/\",\"logo\":{\"@type\":\"ImageObject\",\"inLanguage\":\"es\",\"@id\":\"https:\\\/\\\/ingra.net\\\/online\\\/#\\\/schema\\\/logo\\\/image\\\/\",\"url\":\"https:\\\/\\\/ingra.net\\\/online\\\/wp-content\\\/uploads\\\/2012\\\/11\\\/logo.png\",\"contentUrl\":\"https:\\\/\\\/ingra.net\\\/online\\\/wp-content\\\/uploads\\\/2012\\\/11\\\/logo.png\",\"width\":360,\"height\":105,\"caption\":\"Ingra Impresores\"},\"image\":{\"@id\":\"https:\\\/\\\/ingra.net\\\/online\\\/#\\\/schema\\\/logo\\\/image\\\/\"},\"sameAs\":[\"https:\\\/\\\/www.facebook.com\\\/INGRAIMPRESORES\",\"https:\\\/\\\/x.com\\\/IngraImpresores\",\"https:\\\/\\\/www.instagram.com\\\/ingraimpresoresalicante\\\/\"]},{\"@type\":\"Person\",\"@id\":\"https:\\\/\\\/ingra.net\\\/online\\\/#\\\/schema\\\/person\\\/cb8ac7bf3c7e33e7c44c2d7d1f3875b6\",\"name\":\"admin\",\"image\":{\"@type\":\"ImageObject\",\"inLanguage\":\"es\",\"@id\":\"https:\\\/\\\/secure.gravatar.com\\\/avatar\\\/e9eec13b36f2a04432f14b26941bc1216f5d1a2c9f931a262b3511cbf47cdce9?s=96&d=mm&r=g\",\"url\":\"https:\\\/\\\/secure.gravatar.com\\\/avatar\\\/e9eec13b36f2a04432f14b26941bc1216f5d1a2c9f931a262b3511cbf47cdce9?s=96&d=mm&r=g\",\"contentUrl\":\"https:\\\/\\\/secure.gravatar.com\\\/avatar\\\/e9eec13b36f2a04432f14b26941bc1216f5d1a2c9f931a262b3511cbf47cdce9?s=96&d=mm&r=g\",\"caption\":\"admin\"},\"url\":\"https:\\\/\\\/ingra.net\\\/online\\\/author\\\/admin\\\/\"}]}<\/script>\n<!-- \/ Yoast SEO plugin. -->","yoast_head_json":{"title":"Nos vamos de romer\u00eda | Ingra Impresores","robots":{"index":"index","follow":"follow","max-snippet":"max-snippet:-1","max-image-preview":"max-image-preview:large","max-video-preview":"max-video-preview:-1"},"canonical":"https:\/\/ingra.net\/online\/nos-vamos-de-romeria\/","og_locale":"es_ES","og_type":"article","og_title":"Nos vamos de romer\u00eda | Ingra Impresores","og_description":"Los d\u00edas 11 y 12 de abril, estaremos en la romer\u00eda de la Santa Faz, la tradicional romer\u00eda alicantina, volvemos","og_url":"https:\/\/ingra.net\/online\/nos-vamos-de-romeria\/","og_site_name":"Ingra Impresores","article_publisher":"https:\/\/www.facebook.com\/INGRAIMPRESORES","article_published_time":"2013-04-10T18:44:36+00:00","article_modified_time":"2013-04-10T18:45:36+00:00","og_image":[{"width":600,"height":622,"url":"https:\/\/ingra.net\/online\/wp-content\/uploads\/2013\/04\/santafaz2013.png","type":"image\/png"}],"author":"admin","twitter_card":"summary_large_image","twitter_creator":"@IngraImpresores","twitter_site":"@IngraImpresores","twitter_misc":{"Escrito por":"admin"},"schema":{"@context":"https:\/\/schema.org","@graph":[{"@type":"Article","@id":"https:\/\/ingra.net\/online\/nos-vamos-de-romeria\/#article","isPartOf":{"@id":"https:\/\/ingra.net\/online\/nos-vamos-de-romeria\/"},"author":{"name":"admin","@id":"https:\/\/ingra.net\/online\/#\/schema\/person\/cb8ac7bf3c7e33e7c44c2d7d1f3875b6"},"headline":"Nos vamos de romer\u00eda","datePublished":"2013-04-10T18:44:36+00:00","dateModified":"2013-04-10T18:45:36+00:00","mainEntityOfPage":{"@id":"https:\/\/ingra.net\/online\/nos-vamos-de-romeria\/"},"wordCount":67,"commentCount":0,"publisher":{"@id":"https:\/\/ingra.net\/online\/#organization"},"image":{"@id":"https:\/\/ingra.net\/online\/nos-vamos-de-romeria\/#primaryimage"},"thumbnailUrl":"https:\/\/ingra.net\/online\/wp-content\/uploads\/2013\/04\/santafaz2013.png","keywords":["alicante","romer\u00eda","Santa Faz"],"articleSection":["Comunicados","ingra"],"inLanguage":"es","potentialAction":[{"@type":"CommentAction","name":"Comment","target":["https:\/\/ingra.net\/online\/nos-vamos-de-romeria\/#respond"]}]},{"@type":"WebPage","@id":"https:\/\/ingra.net\/online\/nos-vamos-de-romeria\/","url":"https:\/\/ingra.net\/online\/nos-vamos-de-romeria\/","name":"Nos vamos de romer\u00eda | Ingra Impresores","isPartOf":{"@id":"https:\/\/ingra.net\/online\/#website"},"primaryImageOfPage":{"@id":"https:\/\/ingra.net\/online\/nos-vamos-de-romeria\/#primaryimage"},"image":{"@id":"https:\/\/ingra.net\/online\/nos-vamos-de-romeria\/#primaryimage"},"thumbnailUrl":"https:\/\/ingra.net\/online\/wp-content\/uploads\/2013\/04\/santafaz2013.png","datePublished":"2013-04-10T18:44:36+00:00","dateModified":"2013-04-10T18:45:36+00:00","breadcrumb":{"@id":"https:\/\/ingra.net\/online\/nos-vamos-de-romeria\/#breadcrumb"},"inLanguage":"es","potentialAction":[{"@type":"ReadAction","target":["https:\/\/ingra.net\/online\/nos-vamos-de-romeria\/"]}]},{"@type":"ImageObject","inLanguage":"es","@id":"https:\/\/ingra.net\/online\/nos-vamos-de-romeria\/#primaryimage","url":"https:\/\/ingra.net\/online\/wp-content\/uploads\/2013\/04\/santafaz2013.png","contentUrl":"https:\/\/ingra.net\/online\/wp-content\/uploads\/2013\/04\/santafaz2013.png","width":600,"height":622,"caption":"Estaremos en la romer\u00eda de la Santa Faz"},{"@type":"BreadcrumbList","@id":"https:\/\/ingra.net\/online\/nos-vamos-de-romeria\/#breadcrumb","itemListElement":[{"@type":"ListItem","position":1,"name":"Portada","item":"https:\/\/ingra.net\/online\/"},{"@type":"ListItem","position":2,"name":"Nos vamos de romer\u00eda"}]},{"@type":"WebSite","@id":"https:\/\/ingra.net\/online\/#website","url":"https:\/\/ingra.net\/online\/","name":"Ingra Impresores","description":"Imprenta Offset y digital en Alicante","publisher":{"@id":"https:\/\/ingra.net\/online\/#organization"},"alternateName":"INGRA","potentialAction":[{"@type":"SearchAction","target":{"@type":"EntryPoint","urlTemplate":"https:\/\/ingra.net\/online\/?s={search_term_string}"},"query-input":{"@type":"PropertyValueSpecification","valueRequired":true,"valueName":"search_term_string"}}],"inLanguage":"es"},{"@type":"Organization","@id":"https:\/\/ingra.net\/online\/#organization","name":"Ingra Impresores","alternateName":"Ingra impresores","url":"https:\/\/ingra.net\/online\/","logo":{"@type":"ImageObject","inLanguage":"es","@id":"https:\/\/ingra.net\/online\/#\/schema\/logo\/image\/","url":"https:\/\/ingra.net\/online\/wp-content\/uploads\/2012\/11\/logo.png","contentUrl":"https:\/\/ingra.net\/online\/wp-content\/uploads\/2012\/11\/logo.png","width":360,"height":105,"caption":"Ingra Impresores"},"image":{"@id":"https:\/\/ingra.net\/online\/#\/schema\/logo\/image\/"},"sameAs":["https:\/\/www.facebook.com\/INGRAIMPRESORES","https:\/\/x.com\/IngraImpresores","https:\/\/www.instagram.com\/ingraimpresoresalicante\/"]},{"@type":"Person","@id":"https:\/\/ingra.net\/online\/#\/schema\/person\/cb8ac7bf3c7e33e7c44c2d7d1f3875b6","name":"admin","image":{"@type":"ImageObject","inLanguage":"es","@id":"https:\/\/secure.gravatar.com\/avatar\/e9eec13b36f2a04432f14b26941bc1216f5d1a2c9f931a262b3511cbf47cdce9?s=96&d=mm&r=g","url":"https:\/\/secure.gravatar.com\/avatar\/e9eec13b36f2a04432f14b26941bc1216f5d1a2c9f931a262b3511cbf47cdce9?s=96&d=mm&r=g","contentUrl":"https:\/\/secure.gravatar.com\/avatar\/e9eec13b36f2a04432f14b26941bc1216f5d1a2c9f931a262b3511cbf47cdce9?s=96&d=mm&r=g","caption":"admin"},"url":"https:\/\/ingra.net\/online\/author\/admin\/"}]}},"_links":{"self":[{"href":"https:\/\/ingra.net\/online\/wp-json\/wp\/v2\/posts\/991","targetHints":{"allow":["GET"]}}],"collection":[{"href":"https:\/\/ingra.net\/online\/wp-json\/wp\/v2\/posts"}],"about":[{"href":"https:\/\/ingra.net\/online\/wp-json\/wp\/v2\/types\/post"}],"author":[{"embeddable":true,"href":"https:\/\/ingra.net\/online\/wp-json\/wp\/v2\/users\/1"}],"replies":[{"embeddable":true,"href":"https:\/\/ingra.net\/online\/wp-json\/wp\/v2\/comments?post=991"}],"version-history":[{"count":0,"href":"https:\/\/ingra.net\/online\/wp-json\/wp\/v2\/posts\/991\/revisions"}],"wp:featuredmedia":[{"embeddable":true,"href":"https:\/\/ingra.net\/online\/wp-json\/wp\/v2\/media\/992"}],"wp:attachment":[{"href":"https:\/\/ingra.net\/online\/wp-json\/wp\/v2\/media?parent=991"}],"wp:term":[{"taxonomy":"category","embeddable":true,"href":"https:\/\/ingra.net\/online\/wp-json\/wp\/v2\/categories?post=991"},{"taxonomy":"post_tag","embeddable":true,"href":"https:\/\/ingra.net\/online\/wp-json\/wp\/v2\/tags?post=991"}],"curies":[{"name":"wp","href":"https:\/\/api.w.org\/{rel}","templated":true}]}}