{"id":470,"date":"2012-03-30T11:22:32","date_gmt":"2012-03-30T09:22:32","guid":{"rendered":"http:\/\/www.imprimimosvida.com\/?p=470"},"modified":"2012-03-30T11:22:32","modified_gmt":"2012-03-30T09:22:32","slug":"convocada-la-tercera-edicion-del-igloo-festival","status":"publish","type":"post","link":"https:\/\/ingra.net\/online\/convocada-la-tercera-edicion-del-igloo-festival\/","title":{"rendered":"Convocada la tercera edici\u00f3n del \u201cIgloo Festival\u201d"},"content":{"rendered":"<p style=\"margin-top: 0px; margin-right: 0px; margin-bottom: 10px; margin-left: 0px; font-size: 13px !important; font-family: arial !important; padding: 0px;\"><strong>Una vez m\u00e1s Torraspapel vuelve a convocar el concurso de trabajos sobre el papel reciclado Igloo, un reciclado 100% bastante \u00abblanco\u00bb, reproducimos la nota de prensa con toda la informaci\u00f3n sobre el concurso:<\/strong><\/p>\n<p style=\"margin-top: 0px; margin-right: 0px; margin-bottom: 10px; margin-left: 0px; font-size: 13px !important; font-family: arial !important; padding: 0px;\">Nota de prensa: Torraspapel Distribuci\u00f3n y Arjowiggins organizan la tercera edici\u00f3n del \u201cIgloo Festival\u201d, un concurso dirigido a Agencias de Publicidad, Estudio de Dise\u00f1o, Clientes Finales y a Organismos Oficiales, con el objetivo de\u00a0<strong>impulsar la creatividad a trav\u00e9s de la gama de papel Igloo distribuido por Torraspapel Distribuci\u00f3n.<\/strong><\/p>\n<p style=\"margin-top: 0px; margin-right: 0px; margin-bottom: 10px; margin-left: 0px; font-size: 13px !important; font-family: arial !important; padding: 0px;\">Son objeto del concurso cualquiera de las calidades de este papel reciclado y extrablanco:\u00a0<strong><a style=\"color: #0072c6 !important; text-decoration: none !important; font-family: arial !important; font-size: 13px !important;\" href=\"http:\/\/www.torrasdistribucion.com\/Productos\/Paginas\/DetalleProducto.aspx?IdProducto=19\">Igloo Offset<\/a><\/strong>,\u00a0<strong><a style=\"color: #0072c6 !important; text-decoration: none !important; font-family: arial !important; font-size: 13px !important;\" href=\"http:\/\/www.torrasdistribucion.com\/Productos\/Paginas\/DetalleProducto.aspx?IdProducto=20\">Igloo Pre-print<\/a><\/strong>,\u00a0<strong><a style=\"color: #0072c6 !important; text-decoration: none !important; font-family: arial !important; font-size: 13px !important;\" href=\"http:\/\/www.torrasdistribucion.com\/Productos\/Paginas\/DetalleProducto.aspx?IdProducto=379\">Igloo Silk<\/a> &amp;\u00a0<a style=\"color: #0072c6 !important; text-decoration: none !important; font-family: arial !important; font-size: 13px !important;\" href=\"http:\/\/www.torrasdistribucion.com\/Productos\/Paginas\/DetalleProducto.aspx?IdProducto=377\">Gloss<\/a><\/strong> (100% pasta reciclada) e\u00a0<strong><a style=\"color: #0072c6 !important; text-decoration: none !important; font-family: arial !important; font-size: 13px !important;\" href=\"http:\/\/www.torrasdistribucion.com\/Productos\/Paginas\/DetalleProducto.aspx?IdProducto=380\">Igloo Silk50<\/a> &amp;\u00a0<a style=\"color: #0072c6 !important; text-decoration: none !important; font-family: arial !important; font-size: 13px !important;\" href=\"http:\/\/www.torrasdistribucion.com\/Productos\/Paginas\/DetalleProducto.aspx?IdProducto=378\">Gloss50<\/a><\/strong> (50% pasta reciclada &#8211; 50% fibra virgen)<\/p>\n<p style=\"margin-top: 0px; margin-right: 0px; margin-bottom: 10px; margin-left: 0px; font-size: 13px !important; font-family: arial !important; padding: 0px;\">Bajo la tem\u00e1tica\u00a0<strong>\u201cCreatividad e Innovaci\u00f3n Sostenibles\u201d<\/strong> el participante debe presentar trabajos que hayan sido realizados con papel Igloo, en cualquiera de las cuatro categor\u00edas incluidas en el concurso:\u00a0<strong>Edici\u00f3n (libros y cat\u00e1logos), Informes Anuales, Imagen Corporativa y Varios.<\/strong><\/p>\n<p style=\"margin-top: 0px; margin-right: 0px; margin-bottom: 10px; margin-left: 0px; font-size: 13px !important; font-family: arial !important; padding: 0px;\">Una vez finalizado el plazo de recepci\u00f3n el 31 de octubre de 2012, se seleccionar\u00e1n de entre todos los trabajos presentados los 4 ganadores, que ser\u00e1n premiados con un\u00a0<strong>viaje a Par\u00eds para 2 personas<\/strong>.<\/p>\n<p style=\"margin-top: 0px; margin-right: 0px; margin-bottom: 10px; margin-left: 0px; font-size: 13px !important; font-family: arial !important; padding: 0px;\">Adem\u00e1s, dichos ganadores disfrutar\u00e1n de una importante presencia en los medios:<br \/>\n&#8211; Una aparici\u00f3n destacada en el apartado correspondiente del sitio web www.torrasdistribucion.com<br \/>\n&#8211; Su perfil ser\u00e1 incluido en una nota de prensa, que se enviar\u00e1 a los periodistas de las mejores revistas del sector.<\/p>\n<p style=\"margin-top: 0px; margin-right: 0px; margin-bottom: 10px; margin-left: 0px; font-size: 13px !important; font-family: arial !important; padding: 0px;\"><strong>Igloo Festival es la mejor manera para perderte por las calles de Paris<\/strong>, disfrutando de un viaje lleno de sorpresas y fant\u00e1sticas experiencias.<\/p>\n<p style=\"margin-top: 0px; margin-right: 0px; margin-bottom: 10px; margin-left: 0px; font-size: 13px !important; font-family: arial !important; padding: 0px;\">Para m\u00e1s informaci\u00f3n, consultar las bases completas del concurso en\u00a0<a style=\"color: #0072c6 !important; text-decoration: none !important; font-family: arial !important; font-size: 13px !important;\" href=\"http:\/\/www.torrasdistribucion.com\/festivaligloo\/Documents\/BasesConcursoFestivalIgloo2012.pdf\" target=\"_blank\"><strong>www.torrasdistribucion.com\/festivaligloo<\/strong><\/a><\/p>\n","protected":false},"excerpt":{"rendered":"<p>Una vez m\u00e1s Torraspapel vuelve a convocar el concurso de trabajos sobre el papel reciclado Igloo, un reciclado 100% bastante<\/p>\n","protected":false},"author":2,"featured_media":0,"comment_status":"open","ping_status":"open","sticky":false,"template":"","format":"aside","meta":{"_monsterinsights_skip_tracking":false,"_monsterinsights_sitenote_active":false,"_monsterinsights_sitenote_note":"","_monsterinsights_sitenote_category":0,"footnotes":""},"categories":[17,14],"tags":[78,143,199,252],"class_list":["post-470","post","type-post","status-publish","format-aside","hentry","category-comunicados","category-ingra","tag-concurso","tag-igloo","tag-paris","tag-torraspapel","post_format-post-format-aside"],"yoast_head":"<!-- This site is optimized with the Yoast SEO plugin v27.4 - https:\/\/yoast.com\/product\/yoast-seo-wordpress\/ -->\n<title>Convocada la tercera edici\u00f3n del \u201cIgloo Festival\u201d | Ingra Impresores<\/title>\n<meta name=\"robots\" content=\"index, follow, max-snippet:-1, max-image-preview:large, max-video-preview:-1\" \/>\n<link rel=\"canonical\" href=\"https:\/\/ingra.net\/online\/convocada-la-tercera-edicion-del-igloo-festival\/\" \/>\n<meta property=\"og:locale\" content=\"es_ES\" \/>\n<meta property=\"og:type\" content=\"article\" \/>\n<meta property=\"og:title\" content=\"Convocada la tercera edici\u00f3n del \u201cIgloo Festival\u201d | Ingra Impresores\" \/>\n<meta property=\"og:description\" content=\"Una vez m\u00e1s Torraspapel vuelve a convocar el concurso de trabajos sobre el papel reciclado Igloo, un reciclado 100% bastante\" \/>\n<meta property=\"og:url\" content=\"https:\/\/ingra.net\/online\/convocada-la-tercera-edicion-del-igloo-festival\/\" \/>\n<meta property=\"og:site_name\" content=\"Ingra Impresores\" \/>\n<meta property=\"article:publisher\" content=\"https:\/\/www.facebook.com\/INGRAIMPRESORES\" \/>\n<meta property=\"article:published_time\" content=\"2012-03-30T09:22:32+00:00\" \/>\n<meta property=\"og:image\" content=\"https:\/\/ingra.net\/online\/wp-content\/uploads\/2020\/03\/slider_color.jpg\" \/>\n\t<meta property=\"og:image:width\" content=\"1900\" \/>\n\t<meta property=\"og:image:height\" content=\"1080\" \/>\n\t<meta property=\"og:image:type\" content=\"image\/jpeg\" \/>\n<meta name=\"author\" content=\"marketing\" \/>\n<meta name=\"twitter:card\" content=\"summary_large_image\" \/>\n<meta name=\"twitter:creator\" content=\"@IngraImpresores\" \/>\n<meta name=\"twitter:site\" content=\"@IngraImpresores\" \/>\n<meta name=\"twitter:label1\" content=\"Escrito por\" \/>\n\t<meta name=\"twitter:data1\" content=\"marketing\" \/>\n\t<meta name=\"twitter:label2\" content=\"Tiempo de lectura\" \/>\n\t<meta name=\"twitter:data2\" content=\"1 minuto\" \/>\n<script type=\"application\/ld+json\" class=\"yoast-schema-graph\">{\"@context\":\"https:\\\/\\\/schema.org\",\"@graph\":[{\"@type\":\"Article\",\"@id\":\"https:\\\/\\\/ingra.net\\\/online\\\/convocada-la-tercera-edicion-del-igloo-festival\\\/#article\",\"isPartOf\":{\"@id\":\"https:\\\/\\\/ingra.net\\\/online\\\/convocada-la-tercera-edicion-del-igloo-festival\\\/\"},\"author\":{\"name\":\"marketing\",\"@id\":\"https:\\\/\\\/ingra.net\\\/online\\\/#\\\/schema\\\/person\\\/b0aa22185c5cc21a074904b5d6618a93\"},\"headline\":\"Convocada la tercera edici\u00f3n del \u201cIgloo Festival\u201d\",\"datePublished\":\"2012-03-30T09:22:32+00:00\",\"mainEntityOfPage\":{\"@id\":\"https:\\\/\\\/ingra.net\\\/online\\\/convocada-la-tercera-edicion-del-igloo-festival\\\/\"},\"wordCount\":299,\"commentCount\":0,\"publisher\":{\"@id\":\"https:\\\/\\\/ingra.net\\\/online\\\/#organization\"},\"keywords\":[\"concurso\",\"igloo\",\"Par\u00eds\",\"Torraspapel\"],\"articleSection\":[\"Comunicados\",\"ingra\"],\"inLanguage\":\"es\",\"potentialAction\":[{\"@type\":\"CommentAction\",\"name\":\"Comment\",\"target\":[\"https:\\\/\\\/ingra.net\\\/online\\\/convocada-la-tercera-edicion-del-igloo-festival\\\/#respond\"]}]},{\"@type\":\"WebPage\",\"@id\":\"https:\\\/\\\/ingra.net\\\/online\\\/convocada-la-tercera-edicion-del-igloo-festival\\\/\",\"url\":\"https:\\\/\\\/ingra.net\\\/online\\\/convocada-la-tercera-edicion-del-igloo-festival\\\/\",\"name\":\"Convocada la tercera edici\u00f3n del \u201cIgloo Festival\u201d | Ingra Impresores\",\"isPartOf\":{\"@id\":\"https:\\\/\\\/ingra.net\\\/online\\\/#website\"},\"datePublished\":\"2012-03-30T09:22:32+00:00\",\"breadcrumb\":{\"@id\":\"https:\\\/\\\/ingra.net\\\/online\\\/convocada-la-tercera-edicion-del-igloo-festival\\\/#breadcrumb\"},\"inLanguage\":\"es\",\"potentialAction\":[{\"@type\":\"ReadAction\",\"target\":[\"https:\\\/\\\/ingra.net\\\/online\\\/convocada-la-tercera-edicion-del-igloo-festival\\\/\"]}]},{\"@type\":\"BreadcrumbList\",\"@id\":\"https:\\\/\\\/ingra.net\\\/online\\\/convocada-la-tercera-edicion-del-igloo-festival\\\/#breadcrumb\",\"itemListElement\":[{\"@type\":\"ListItem\",\"position\":1,\"name\":\"Portada\",\"item\":\"https:\\\/\\\/ingra.net\\\/online\\\/\"},{\"@type\":\"ListItem\",\"position\":2,\"name\":\"Convocada la tercera edici\u00f3n del \u201cIgloo Festival\u201d\"}]},{\"@type\":\"WebSite\",\"@id\":\"https:\\\/\\\/ingra.net\\\/online\\\/#website\",\"url\":\"https:\\\/\\\/ingra.net\\\/online\\\/\",\"name\":\"Ingra Impresores\",\"description\":\"Imprenta Offset y digital en Alicante\",\"publisher\":{\"@id\":\"https:\\\/\\\/ingra.net\\\/online\\\/#organization\"},\"alternateName\":\"INGRA\",\"potentialAction\":[{\"@type\":\"SearchAction\",\"target\":{\"@type\":\"EntryPoint\",\"urlTemplate\":\"https:\\\/\\\/ingra.net\\\/online\\\/?s={search_term_string}\"},\"query-input\":{\"@type\":\"PropertyValueSpecification\",\"valueRequired\":true,\"valueName\":\"search_term_string\"}}],\"inLanguage\":\"es\"},{\"@type\":\"Organization\",\"@id\":\"https:\\\/\\\/ingra.net\\\/online\\\/#organization\",\"name\":\"Ingra Impresores\",\"alternateName\":\"Ingra impresores\",\"url\":\"https:\\\/\\\/ingra.net\\\/online\\\/\",\"logo\":{\"@type\":\"ImageObject\",\"inLanguage\":\"es\",\"@id\":\"https:\\\/\\\/ingra.net\\\/online\\\/#\\\/schema\\\/logo\\\/image\\\/\",\"url\":\"https:\\\/\\\/ingra.net\\\/online\\\/wp-content\\\/uploads\\\/2012\\\/11\\\/logo.png\",\"contentUrl\":\"https:\\\/\\\/ingra.net\\\/online\\\/wp-content\\\/uploads\\\/2012\\\/11\\\/logo.png\",\"width\":360,\"height\":105,\"caption\":\"Ingra Impresores\"},\"image\":{\"@id\":\"https:\\\/\\\/ingra.net\\\/online\\\/#\\\/schema\\\/logo\\\/image\\\/\"},\"sameAs\":[\"https:\\\/\\\/www.facebook.com\\\/INGRAIMPRESORES\",\"https:\\\/\\\/x.com\\\/IngraImpresores\",\"https:\\\/\\\/www.instagram.com\\\/ingraimpresoresalicante\\\/\"]},{\"@type\":\"Person\",\"@id\":\"https:\\\/\\\/ingra.net\\\/online\\\/#\\\/schema\\\/person\\\/b0aa22185c5cc21a074904b5d6618a93\",\"name\":\"marketing\",\"image\":{\"@type\":\"ImageObject\",\"inLanguage\":\"es\",\"@id\":\"https:\\\/\\\/secure.gravatar.com\\\/avatar\\\/404d02c0b1dc05b717a481cb9d9fa33d8a40b9c6ce9fcaf992f623f29d653695?s=96&d=mm&r=g\",\"url\":\"https:\\\/\\\/secure.gravatar.com\\\/avatar\\\/404d02c0b1dc05b717a481cb9d9fa33d8a40b9c6ce9fcaf992f623f29d653695?s=96&d=mm&r=g\",\"contentUrl\":\"https:\\\/\\\/secure.gravatar.com\\\/avatar\\\/404d02c0b1dc05b717a481cb9d9fa33d8a40b9c6ce9fcaf992f623f29d653695?s=96&d=mm&r=g\",\"caption\":\"marketing\"},\"url\":\"https:\\\/\\\/ingra.net\\\/online\\\/author\\\/marketing\\\/\"}]}<\/script>\n<!-- \/ Yoast SEO plugin. -->","yoast_head_json":{"title":"Convocada la tercera edici\u00f3n del \u201cIgloo Festival\u201d | Ingra Impresores","robots":{"index":"index","follow":"follow","max-snippet":"max-snippet:-1","max-image-preview":"max-image-preview:large","max-video-preview":"max-video-preview:-1"},"canonical":"https:\/\/ingra.net\/online\/convocada-la-tercera-edicion-del-igloo-festival\/","og_locale":"es_ES","og_type":"article","og_title":"Convocada la tercera edici\u00f3n del \u201cIgloo Festival\u201d | Ingra Impresores","og_description":"Una vez m\u00e1s Torraspapel vuelve a convocar el concurso de trabajos sobre el papel reciclado Igloo, un reciclado 100% bastante","og_url":"https:\/\/ingra.net\/online\/convocada-la-tercera-edicion-del-igloo-festival\/","og_site_name":"Ingra Impresores","article_publisher":"https:\/\/www.facebook.com\/INGRAIMPRESORES","article_published_time":"2012-03-30T09:22:32+00:00","og_image":[{"width":1900,"height":1080,"url":"https:\/\/ingra.net\/online\/wp-content\/uploads\/2020\/03\/slider_color.jpg","type":"image\/jpeg"}],"author":"marketing","twitter_card":"summary_large_image","twitter_creator":"@IngraImpresores","twitter_site":"@IngraImpresores","twitter_misc":{"Escrito por":"marketing","Tiempo de lectura":"1 minuto"},"schema":{"@context":"https:\/\/schema.org","@graph":[{"@type":"Article","@id":"https:\/\/ingra.net\/online\/convocada-la-tercera-edicion-del-igloo-festival\/#article","isPartOf":{"@id":"https:\/\/ingra.net\/online\/convocada-la-tercera-edicion-del-igloo-festival\/"},"author":{"name":"marketing","@id":"https:\/\/ingra.net\/online\/#\/schema\/person\/b0aa22185c5cc21a074904b5d6618a93"},"headline":"Convocada la tercera edici\u00f3n del \u201cIgloo Festival\u201d","datePublished":"2012-03-30T09:22:32+00:00","mainEntityOfPage":{"@id":"https:\/\/ingra.net\/online\/convocada-la-tercera-edicion-del-igloo-festival\/"},"wordCount":299,"commentCount":0,"publisher":{"@id":"https:\/\/ingra.net\/online\/#organization"},"keywords":["concurso","igloo","Par\u00eds","Torraspapel"],"articleSection":["Comunicados","ingra"],"inLanguage":"es","potentialAction":[{"@type":"CommentAction","name":"Comment","target":["https:\/\/ingra.net\/online\/convocada-la-tercera-edicion-del-igloo-festival\/#respond"]}]},{"@type":"WebPage","@id":"https:\/\/ingra.net\/online\/convocada-la-tercera-edicion-del-igloo-festival\/","url":"https:\/\/ingra.net\/online\/convocada-la-tercera-edicion-del-igloo-festival\/","name":"Convocada la tercera edici\u00f3n del \u201cIgloo Festival\u201d | Ingra Impresores","isPartOf":{"@id":"https:\/\/ingra.net\/online\/#website"},"datePublished":"2012-03-30T09:22:32+00:00","breadcrumb":{"@id":"https:\/\/ingra.net\/online\/convocada-la-tercera-edicion-del-igloo-festival\/#breadcrumb"},"inLanguage":"es","potentialAction":[{"@type":"ReadAction","target":["https:\/\/ingra.net\/online\/convocada-la-tercera-edicion-del-igloo-festival\/"]}]},{"@type":"BreadcrumbList","@id":"https:\/\/ingra.net\/online\/convocada-la-tercera-edicion-del-igloo-festival\/#breadcrumb","itemListElement":[{"@type":"ListItem","position":1,"name":"Portada","item":"https:\/\/ingra.net\/online\/"},{"@type":"ListItem","position":2,"name":"Convocada la tercera edici\u00f3n del \u201cIgloo Festival\u201d"}]},{"@type":"WebSite","@id":"https:\/\/ingra.net\/online\/#website","url":"https:\/\/ingra.net\/online\/","name":"Ingra Impresores","description":"Imprenta Offset y digital en Alicante","publisher":{"@id":"https:\/\/ingra.net\/online\/#organization"},"alternateName":"INGRA","potentialAction":[{"@type":"SearchAction","target":{"@type":"EntryPoint","urlTemplate":"https:\/\/ingra.net\/online\/?s={search_term_string}"},"query-input":{"@type":"PropertyValueSpecification","valueRequired":true,"valueName":"search_term_string"}}],"inLanguage":"es"},{"@type":"Organization","@id":"https:\/\/ingra.net\/online\/#organization","name":"Ingra Impresores","alternateName":"Ingra impresores","url":"https:\/\/ingra.net\/online\/","logo":{"@type":"ImageObject","inLanguage":"es","@id":"https:\/\/ingra.net\/online\/#\/schema\/logo\/image\/","url":"https:\/\/ingra.net\/online\/wp-content\/uploads\/2012\/11\/logo.png","contentUrl":"https:\/\/ingra.net\/online\/wp-content\/uploads\/2012\/11\/logo.png","width":360,"height":105,"caption":"Ingra Impresores"},"image":{"@id":"https:\/\/ingra.net\/online\/#\/schema\/logo\/image\/"},"sameAs":["https:\/\/www.facebook.com\/INGRAIMPRESORES","https:\/\/x.com\/IngraImpresores","https:\/\/www.instagram.com\/ingraimpresoresalicante\/"]},{"@type":"Person","@id":"https:\/\/ingra.net\/online\/#\/schema\/person\/b0aa22185c5cc21a074904b5d6618a93","name":"marketing","image":{"@type":"ImageObject","inLanguage":"es","@id":"https:\/\/secure.gravatar.com\/avatar\/404d02c0b1dc05b717a481cb9d9fa33d8a40b9c6ce9fcaf992f623f29d653695?s=96&d=mm&r=g","url":"https:\/\/secure.gravatar.com\/avatar\/404d02c0b1dc05b717a481cb9d9fa33d8a40b9c6ce9fcaf992f623f29d653695?s=96&d=mm&r=g","contentUrl":"https:\/\/secure.gravatar.com\/avatar\/404d02c0b1dc05b717a481cb9d9fa33d8a40b9c6ce9fcaf992f623f29d653695?s=96&d=mm&r=g","caption":"marketing"},"url":"https:\/\/ingra.net\/online\/author\/marketing\/"}]}},"_links":{"self":[{"href":"https:\/\/ingra.net\/online\/wp-json\/wp\/v2\/posts\/470","targetHints":{"allow":["GET"]}}],"collection":[{"href":"https:\/\/ingra.net\/online\/wp-json\/wp\/v2\/posts"}],"about":[{"href":"https:\/\/ingra.net\/online\/wp-json\/wp\/v2\/types\/post"}],"author":[{"embeddable":true,"href":"https:\/\/ingra.net\/online\/wp-json\/wp\/v2\/users\/2"}],"replies":[{"embeddable":true,"href":"https:\/\/ingra.net\/online\/wp-json\/wp\/v2\/comments?post=470"}],"version-history":[{"count":0,"href":"https:\/\/ingra.net\/online\/wp-json\/wp\/v2\/posts\/470\/revisions"}],"wp:attachment":[{"href":"https:\/\/ingra.net\/online\/wp-json\/wp\/v2\/media?parent=470"}],"wp:term":[{"taxonomy":"category","embeddable":true,"href":"https:\/\/ingra.net\/online\/wp-json\/wp\/v2\/categories?post=470"},{"taxonomy":"post_tag","embeddable":true,"href":"https:\/\/ingra.net\/online\/wp-json\/wp\/v2\/tags?post=470"}],"curies":[{"name":"wp","href":"https:\/\/api.w.org\/{rel}","templated":true}]}}