{"id":444,"date":"2012-02-03T14:43:55","date_gmt":"2012-02-03T12:43:55","guid":{"rendered":"http:\/\/www.imprimimosvida.com\/?p=444"},"modified":"2012-02-03T14:43:55","modified_gmt":"2012-02-03T12:43:55","slug":"catalogo-para-la-exposicion-emilio-varela-en-la-coleccion-de-la-diputacion-de-alicante","status":"publish","type":"post","link":"https:\/\/ingra.net\/online\/catalogo-para-la-exposicion-emilio-varela-en-la-coleccion-de-la-diputacion-de-alicante\/","title":{"rendered":"Cat\u00e1logo para la exposici\u00f3n \u201cEmilio Varela, en la colecci\u00f3n de la Diputaci\u00f3n de Alicante\u201d"},"content":{"rendered":"<p>Hemos impreso el cat\u00e1logo de la exposici\u00f3n \u201cEmilio Varela, en la colecci\u00f3n de la Diputaci\u00f3n de Alicante\u201d, editado por el \u00e1rea de cultura, de la Diputaci\u00f3n de Alicante y coordinado por el Museo de Bellas Artes Gravina (<a style=\"outline-width: 0px; outline-style: initial; outline-color: initial; font-size: 16px; vertical-align: baseline; background-image: initial; background-attachment: initial; background-origin: initial; background-clip: initial; background-color: transparent; color: #225f97; text-decoration: none; background-position: initial initial; background-repeat: initial initial; padding: 0px; margin: 0px; border: 0px initial initial;\" title=\"MUBAG\" href=\"http:\/\/www.mubag.org\/\">MUBAG<\/a>), \u00a0se ha puesto un especial cuidado, en conseguir una \u00f3ptima y fiel reproducci\u00f3n de las obras expuestas, asegurando un proceso de control y gesti\u00f3n de color aplicado desde su dise\u00f1o y maquetaci\u00f3n, llevada a cabo por <a title=\"Vdh Comunicaci\u00f3n\" href=\"http:\/\/www.vdhcomunicacion.com\/wp\/?p=927\" target=\"_blank\">Vdh Comunicaci\u00f3n<\/a>, \u00a0hasta la producci\u00f3n impresa.<\/p>\n<div id=\"attachment_446\" style=\"width: 616px\" class=\"wp-caption alignnone\"><a href=\"http:\/\/ingra.net\/online\/wp-content\/uploads\/2012\/02\/catalogo_abierto_2.jpg\"><img loading=\"lazy\" decoding=\"async\" aria-describedby=\"caption-attachment-446\" class=\"size-full wp-image-446\" title=\"catalogo_abierto_2\" src=\"http:\/\/ingra.net\/online\/wp-content\/uploads\/2012\/02\/catalogo_abierto_2.jpg\" alt=\"Cat\u00e1logo de la exposici\u00f3n de Emilio Varela en el MUBAG\" width=\"606\" height=\"334\" srcset=\"https:\/\/ingra.net\/online\/wp-content\/uploads\/2012\/02\/catalogo_abierto_2.jpg 606w, https:\/\/ingra.net\/online\/wp-content\/uploads\/2012\/02\/catalogo_abierto_2-300x165.jpg 300w, https:\/\/ingra.net\/online\/wp-content\/uploads\/2012\/02\/catalogo_abierto_2-600x331.jpg 600w, https:\/\/ingra.net\/online\/wp-content\/uploads\/2012\/02\/catalogo_abierto_2-150x83.jpg 150w\" sizes=\"auto, (max-width: 606px) 100vw, 606px\" \/><\/a><p id=\"caption-attachment-446\" class=\"wp-caption-text\">Cat\u00e1logo de la exposici\u00f3n de Emilio Varela en el MUBAG<\/p><\/div>\n<p>Un proceso realizado en colaboraci\u00f3n con las t\u00e9cnicos del\u00a0<a style=\"outline-width: 0px; outline-style: initial; outline-color: initial; font-size: 16px; vertical-align: baseline; background-image: initial; background-attachment: initial; background-origin: initial; background-clip: initial; background-color: transparent; color: #225f97; text-decoration: none; background-position: initial initial; background-repeat: initial initial; padding: 0px; margin: 0px; border: 0px initial initial;\" title=\"Mubag\" href=\"http:\/\/www.mubag.org\/\">Mubag<\/a> y de <a title=\"Vdh Comunicaci\u00f3n\" href=\"http:\/\/www.vdhcomunicacion.com\/wp\/?p=927\" target=\"_blank\">Vdh Comunicaci\u00f3n<\/a>, comprobando cada obra in situ, ajustando la fotograf\u00eda y realizando pruebas de color de toda ella<\/p>\n<p>Es la primera vez que se edita una publicaci\u00f3n sobre la obra que la Diputaci\u00f3n tiene en su colecci\u00f3n.<\/p>\n<div id=\"attachment_449\" style=\"width: 610px\" class=\"wp-caption alignnone\"><a href=\"http:\/\/ingra.net\/online\/wp-content\/uploads\/2012\/02\/retocando_color.jpg\"><img loading=\"lazy\" decoding=\"async\" aria-describedby=\"caption-attachment-449\" class=\"size-full wp-image-449\" title=\"retocando_color\" src=\"http:\/\/ingra.net\/online\/wp-content\/uploads\/2012\/02\/retocando_color.jpg\" alt=\"Comprobando la obra expuesta\" width=\"600\" height=\"636\" srcset=\"https:\/\/ingra.net\/online\/wp-content\/uploads\/2012\/02\/retocando_color.jpg 600w, https:\/\/ingra.net\/online\/wp-content\/uploads\/2012\/02\/retocando_color-300x318.jpg 300w, https:\/\/ingra.net\/online\/wp-content\/uploads\/2012\/02\/retocando_color-283x300.jpg 283w, https:\/\/ingra.net\/online\/wp-content\/uploads\/2012\/02\/retocando_color-150x159.jpg 150w, https:\/\/ingra.net\/online\/wp-content\/uploads\/2012\/02\/retocando_color-377x400.jpg 377w\" sizes=\"auto, (max-width: 600px) 100vw, 600px\" \/><\/a><p id=\"caption-attachment-449\" class=\"wp-caption-text\">Comprobando la obra expuesta<\/p><\/div>\n","protected":false},"excerpt":{"rendered":"<p>Hemos impreso el cat\u00e1logo de la exposici\u00f3n \u201cEmilio Varela, en la colecci\u00f3n de la Diputaci\u00f3n de Alicante\u201d, editado por el \u00e1rea de cultura, de la Diputaci\u00f3n de Alicante y coordinado por el Museo de Bellas Artes Gravina (MUBAG)<\/p>\n","protected":false},"author":2,"featured_media":0,"comment_status":"open","ping_status":"open","sticky":false,"template":"","format":"aside","meta":{"_monsterinsights_skip_tracking":false,"_monsterinsights_sitenote_active":false,"_monsterinsights_sitenote_note":"","_monsterinsights_sitenote_category":0,"footnotes":""},"categories":[14,16],"tags":[39,60,105,187,264],"class_list":["post-444","post","type-post","status-publish","format-aside","hentry","category-ingra","category-trabajos","tag-arte","tag-catalogo","tag-emilio-varela","tag-mubag","tag-vdh-comunicacion","post_format-post-format-aside"],"yoast_head":"<!-- This site is optimized with the Yoast SEO plugin v27.4 - https:\/\/yoast.com\/product\/yoast-seo-wordpress\/ -->\n<title>Cat\u00e1logo para la exposici\u00f3n \u201cEmilio Varela, en la colecci\u00f3n de la Diputaci\u00f3n de Alicante\u201d | Ingra Impresores<\/title>\n<meta name=\"robots\" content=\"index, follow, max-snippet:-1, max-image-preview:large, max-video-preview:-1\" \/>\n<link rel=\"canonical\" href=\"https:\/\/ingra.net\/online\/catalogo-para-la-exposicion-emilio-varela-en-la-coleccion-de-la-diputacion-de-alicante\/\" \/>\n<meta property=\"og:locale\" content=\"es_ES\" \/>\n<meta property=\"og:type\" content=\"article\" \/>\n<meta property=\"og:title\" content=\"Cat\u00e1logo para la exposici\u00f3n \u201cEmilio Varela, en la colecci\u00f3n de la Diputaci\u00f3n de Alicante\u201d | Ingra Impresores\" \/>\n<meta property=\"og:description\" content=\"Hemos impreso el cat\u00e1logo de la exposici\u00f3n \u201cEmilio Varela, en la colecci\u00f3n de la Diputaci\u00f3n de Alicante\u201d, editado por el \u00e1rea de cultura, de la Diputaci\u00f3n de Alicante y coordinado por el Museo de Bellas Artes Gravina (MUBAG)\" \/>\n<meta property=\"og:url\" content=\"https:\/\/ingra.net\/online\/catalogo-para-la-exposicion-emilio-varela-en-la-coleccion-de-la-diputacion-de-alicante\/\" \/>\n<meta property=\"og:site_name\" content=\"Ingra Impresores\" \/>\n<meta property=\"article:publisher\" content=\"https:\/\/www.facebook.com\/INGRAIMPRESORES\" \/>\n<meta property=\"article:published_time\" content=\"2012-02-03T12:43:55+00:00\" \/>\n<meta property=\"og:image\" content=\"http:\/\/ingra.net\/online\/wp-content\/uploads\/2012\/02\/catalogo_abierto_2.jpg\" \/>\n<meta name=\"author\" content=\"marketing\" \/>\n<meta name=\"twitter:card\" content=\"summary_large_image\" \/>\n<meta name=\"twitter:creator\" content=\"@IngraImpresores\" \/>\n<meta name=\"twitter:site\" content=\"@IngraImpresores\" \/>\n<meta name=\"twitter:label1\" content=\"Escrito por\" \/>\n\t<meta name=\"twitter:data1\" content=\"marketing\" \/>\n\t<meta name=\"twitter:label2\" content=\"Tiempo de lectura\" \/>\n\t<meta name=\"twitter:data2\" content=\"1 minuto\" \/>\n<script type=\"application\/ld+json\" class=\"yoast-schema-graph\">{\"@context\":\"https:\\\/\\\/schema.org\",\"@graph\":[{\"@type\":\"Article\",\"@id\":\"https:\\\/\\\/ingra.net\\\/online\\\/catalogo-para-la-exposicion-emilio-varela-en-la-coleccion-de-la-diputacion-de-alicante\\\/#article\",\"isPartOf\":{\"@id\":\"https:\\\/\\\/ingra.net\\\/online\\\/catalogo-para-la-exposicion-emilio-varela-en-la-coleccion-de-la-diputacion-de-alicante\\\/\"},\"author\":{\"name\":\"marketing\",\"@id\":\"https:\\\/\\\/ingra.net\\\/online\\\/#\\\/schema\\\/person\\\/b0aa22185c5cc21a074904b5d6618a93\"},\"headline\":\"Cat\u00e1logo para la exposici\u00f3n \u201cEmilio Varela, en la colecci\u00f3n de la Diputaci\u00f3n de Alicante\u201d\",\"datePublished\":\"2012-02-03T12:43:55+00:00\",\"mainEntityOfPage\":{\"@id\":\"https:\\\/\\\/ingra.net\\\/online\\\/catalogo-para-la-exposicion-emilio-varela-en-la-coleccion-de-la-diputacion-de-alicante\\\/\"},\"wordCount\":197,\"commentCount\":0,\"publisher\":{\"@id\":\"https:\\\/\\\/ingra.net\\\/online\\\/#organization\"},\"image\":{\"@id\":\"https:\\\/\\\/ingra.net\\\/online\\\/catalogo-para-la-exposicion-emilio-varela-en-la-coleccion-de-la-diputacion-de-alicante\\\/#primaryimage\"},\"thumbnailUrl\":\"http:\\\/\\\/ingra.net\\\/online\\\/wp-content\\\/uploads\\\/2012\\\/02\\\/catalogo_abierto_2.jpg\",\"keywords\":[\"Arte\",\"Cat\u00e1logo\",\"Emilio Varela\",\"Mubag\",\"Vdh Comunicacion\"],\"articleSection\":[\"ingra\",\"Trabajos\"],\"inLanguage\":\"es\",\"potentialAction\":[{\"@type\":\"CommentAction\",\"name\":\"Comment\",\"target\":[\"https:\\\/\\\/ingra.net\\\/online\\\/catalogo-para-la-exposicion-emilio-varela-en-la-coleccion-de-la-diputacion-de-alicante\\\/#respond\"]}]},{\"@type\":\"WebPage\",\"@id\":\"https:\\\/\\\/ingra.net\\\/online\\\/catalogo-para-la-exposicion-emilio-varela-en-la-coleccion-de-la-diputacion-de-alicante\\\/\",\"url\":\"https:\\\/\\\/ingra.net\\\/online\\\/catalogo-para-la-exposicion-emilio-varela-en-la-coleccion-de-la-diputacion-de-alicante\\\/\",\"name\":\"Cat\u00e1logo para la exposici\u00f3n \u201cEmilio Varela, en la colecci\u00f3n de la Diputaci\u00f3n de Alicante\u201d | Ingra Impresores\",\"isPartOf\":{\"@id\":\"https:\\\/\\\/ingra.net\\\/online\\\/#website\"},\"primaryImageOfPage\":{\"@id\":\"https:\\\/\\\/ingra.net\\\/online\\\/catalogo-para-la-exposicion-emilio-varela-en-la-coleccion-de-la-diputacion-de-alicante\\\/#primaryimage\"},\"image\":{\"@id\":\"https:\\\/\\\/ingra.net\\\/online\\\/catalogo-para-la-exposicion-emilio-varela-en-la-coleccion-de-la-diputacion-de-alicante\\\/#primaryimage\"},\"thumbnailUrl\":\"http:\\\/\\\/ingra.net\\\/online\\\/wp-content\\\/uploads\\\/2012\\\/02\\\/catalogo_abierto_2.jpg\",\"datePublished\":\"2012-02-03T12:43:55+00:00\",\"breadcrumb\":{\"@id\":\"https:\\\/\\\/ingra.net\\\/online\\\/catalogo-para-la-exposicion-emilio-varela-en-la-coleccion-de-la-diputacion-de-alicante\\\/#breadcrumb\"},\"inLanguage\":\"es\",\"potentialAction\":[{\"@type\":\"ReadAction\",\"target\":[\"https:\\\/\\\/ingra.net\\\/online\\\/catalogo-para-la-exposicion-emilio-varela-en-la-coleccion-de-la-diputacion-de-alicante\\\/\"]}]},{\"@type\":\"ImageObject\",\"inLanguage\":\"es\",\"@id\":\"https:\\\/\\\/ingra.net\\\/online\\\/catalogo-para-la-exposicion-emilio-varela-en-la-coleccion-de-la-diputacion-de-alicante\\\/#primaryimage\",\"url\":\"https:\\\/\\\/ingra.net\\\/online\\\/wp-content\\\/uploads\\\/2012\\\/02\\\/catalogo_abierto_2.jpg\",\"contentUrl\":\"https:\\\/\\\/ingra.net\\\/online\\\/wp-content\\\/uploads\\\/2012\\\/02\\\/catalogo_abierto_2.jpg\",\"width\":606,\"height\":334,\"caption\":\"Cat\u00e1logo de la exposici\u00f3n de Emilio Varela en el MUBAG\"},{\"@type\":\"BreadcrumbList\",\"@id\":\"https:\\\/\\\/ingra.net\\\/online\\\/catalogo-para-la-exposicion-emilio-varela-en-la-coleccion-de-la-diputacion-de-alicante\\\/#breadcrumb\",\"itemListElement\":[{\"@type\":\"ListItem\",\"position\":1,\"name\":\"Portada\",\"item\":\"https:\\\/\\\/ingra.net\\\/online\\\/\"},{\"@type\":\"ListItem\",\"position\":2,\"name\":\"Cat\u00e1logo para la exposici\u00f3n \u201cEmilio Varela, en la colecci\u00f3n de la Diputaci\u00f3n de Alicante\u201d\"}]},{\"@type\":\"WebSite\",\"@id\":\"https:\\\/\\\/ingra.net\\\/online\\\/#website\",\"url\":\"https:\\\/\\\/ingra.net\\\/online\\\/\",\"name\":\"Ingra Impresores\",\"description\":\"Imprenta Offset y digital en Alicante\",\"publisher\":{\"@id\":\"https:\\\/\\\/ingra.net\\\/online\\\/#organization\"},\"alternateName\":\"INGRA\",\"potentialAction\":[{\"@type\":\"SearchAction\",\"target\":{\"@type\":\"EntryPoint\",\"urlTemplate\":\"https:\\\/\\\/ingra.net\\\/online\\\/?s={search_term_string}\"},\"query-input\":{\"@type\":\"PropertyValueSpecification\",\"valueRequired\":true,\"valueName\":\"search_term_string\"}}],\"inLanguage\":\"es\"},{\"@type\":\"Organization\",\"@id\":\"https:\\\/\\\/ingra.net\\\/online\\\/#organization\",\"name\":\"Ingra Impresores\",\"alternateName\":\"Ingra impresores\",\"url\":\"https:\\\/\\\/ingra.net\\\/online\\\/\",\"logo\":{\"@type\":\"ImageObject\",\"inLanguage\":\"es\",\"@id\":\"https:\\\/\\\/ingra.net\\\/online\\\/#\\\/schema\\\/logo\\\/image\\\/\",\"url\":\"https:\\\/\\\/ingra.net\\\/online\\\/wp-content\\\/uploads\\\/2012\\\/11\\\/logo.png\",\"contentUrl\":\"https:\\\/\\\/ingra.net\\\/online\\\/wp-content\\\/uploads\\\/2012\\\/11\\\/logo.png\",\"width\":360,\"height\":105,\"caption\":\"Ingra Impresores\"},\"image\":{\"@id\":\"https:\\\/\\\/ingra.net\\\/online\\\/#\\\/schema\\\/logo\\\/image\\\/\"},\"sameAs\":[\"https:\\\/\\\/www.facebook.com\\\/INGRAIMPRESORES\",\"https:\\\/\\\/x.com\\\/IngraImpresores\",\"https:\\\/\\\/www.instagram.com\\\/ingraimpresoresalicante\\\/\"]},{\"@type\":\"Person\",\"@id\":\"https:\\\/\\\/ingra.net\\\/online\\\/#\\\/schema\\\/person\\\/b0aa22185c5cc21a074904b5d6618a93\",\"name\":\"marketing\",\"image\":{\"@type\":\"ImageObject\",\"inLanguage\":\"es\",\"@id\":\"https:\\\/\\\/secure.gravatar.com\\\/avatar\\\/404d02c0b1dc05b717a481cb9d9fa33d8a40b9c6ce9fcaf992f623f29d653695?s=96&d=mm&r=g\",\"url\":\"https:\\\/\\\/secure.gravatar.com\\\/avatar\\\/404d02c0b1dc05b717a481cb9d9fa33d8a40b9c6ce9fcaf992f623f29d653695?s=96&d=mm&r=g\",\"contentUrl\":\"https:\\\/\\\/secure.gravatar.com\\\/avatar\\\/404d02c0b1dc05b717a481cb9d9fa33d8a40b9c6ce9fcaf992f623f29d653695?s=96&d=mm&r=g\",\"caption\":\"marketing\"},\"url\":\"https:\\\/\\\/ingra.net\\\/online\\\/author\\\/marketing\\\/\"}]}<\/script>\n<!-- \/ Yoast SEO plugin. -->","yoast_head_json":{"title":"Cat\u00e1logo para la exposici\u00f3n \u201cEmilio Varela, en la colecci\u00f3n de la Diputaci\u00f3n de Alicante\u201d | Ingra Impresores","robots":{"index":"index","follow":"follow","max-snippet":"max-snippet:-1","max-image-preview":"max-image-preview:large","max-video-preview":"max-video-preview:-1"},"canonical":"https:\/\/ingra.net\/online\/catalogo-para-la-exposicion-emilio-varela-en-la-coleccion-de-la-diputacion-de-alicante\/","og_locale":"es_ES","og_type":"article","og_title":"Cat\u00e1logo para la exposici\u00f3n \u201cEmilio Varela, en la colecci\u00f3n de la Diputaci\u00f3n de Alicante\u201d | Ingra Impresores","og_description":"Hemos impreso el cat\u00e1logo de la exposici\u00f3n \u201cEmilio Varela, en la colecci\u00f3n de la Diputaci\u00f3n de Alicante\u201d, editado por el \u00e1rea de cultura, de la Diputaci\u00f3n de Alicante y coordinado por el Museo de Bellas Artes Gravina (MUBAG)","og_url":"https:\/\/ingra.net\/online\/catalogo-para-la-exposicion-emilio-varela-en-la-coleccion-de-la-diputacion-de-alicante\/","og_site_name":"Ingra Impresores","article_publisher":"https:\/\/www.facebook.com\/INGRAIMPRESORES","article_published_time":"2012-02-03T12:43:55+00:00","og_image":[{"url":"http:\/\/ingra.net\/online\/wp-content\/uploads\/2012\/02\/catalogo_abierto_2.jpg","type":"","width":"","height":""}],"author":"marketing","twitter_card":"summary_large_image","twitter_creator":"@IngraImpresores","twitter_site":"@IngraImpresores","twitter_misc":{"Escrito por":"marketing","Tiempo de lectura":"1 minuto"},"schema":{"@context":"https:\/\/schema.org","@graph":[{"@type":"Article","@id":"https:\/\/ingra.net\/online\/catalogo-para-la-exposicion-emilio-varela-en-la-coleccion-de-la-diputacion-de-alicante\/#article","isPartOf":{"@id":"https:\/\/ingra.net\/online\/catalogo-para-la-exposicion-emilio-varela-en-la-coleccion-de-la-diputacion-de-alicante\/"},"author":{"name":"marketing","@id":"https:\/\/ingra.net\/online\/#\/schema\/person\/b0aa22185c5cc21a074904b5d6618a93"},"headline":"Cat\u00e1logo para la exposici\u00f3n \u201cEmilio Varela, en la colecci\u00f3n de la Diputaci\u00f3n de Alicante\u201d","datePublished":"2012-02-03T12:43:55+00:00","mainEntityOfPage":{"@id":"https:\/\/ingra.net\/online\/catalogo-para-la-exposicion-emilio-varela-en-la-coleccion-de-la-diputacion-de-alicante\/"},"wordCount":197,"commentCount":0,"publisher":{"@id":"https:\/\/ingra.net\/online\/#organization"},"image":{"@id":"https:\/\/ingra.net\/online\/catalogo-para-la-exposicion-emilio-varela-en-la-coleccion-de-la-diputacion-de-alicante\/#primaryimage"},"thumbnailUrl":"http:\/\/ingra.net\/online\/wp-content\/uploads\/2012\/02\/catalogo_abierto_2.jpg","keywords":["Arte","Cat\u00e1logo","Emilio Varela","Mubag","Vdh Comunicacion"],"articleSection":["ingra","Trabajos"],"inLanguage":"es","potentialAction":[{"@type":"CommentAction","name":"Comment","target":["https:\/\/ingra.net\/online\/catalogo-para-la-exposicion-emilio-varela-en-la-coleccion-de-la-diputacion-de-alicante\/#respond"]}]},{"@type":"WebPage","@id":"https:\/\/ingra.net\/online\/catalogo-para-la-exposicion-emilio-varela-en-la-coleccion-de-la-diputacion-de-alicante\/","url":"https:\/\/ingra.net\/online\/catalogo-para-la-exposicion-emilio-varela-en-la-coleccion-de-la-diputacion-de-alicante\/","name":"Cat\u00e1logo para la exposici\u00f3n \u201cEmilio Varela, en la colecci\u00f3n de la Diputaci\u00f3n de Alicante\u201d | Ingra Impresores","isPartOf":{"@id":"https:\/\/ingra.net\/online\/#website"},"primaryImageOfPage":{"@id":"https:\/\/ingra.net\/online\/catalogo-para-la-exposicion-emilio-varela-en-la-coleccion-de-la-diputacion-de-alicante\/#primaryimage"},"image":{"@id":"https:\/\/ingra.net\/online\/catalogo-para-la-exposicion-emilio-varela-en-la-coleccion-de-la-diputacion-de-alicante\/#primaryimage"},"thumbnailUrl":"http:\/\/ingra.net\/online\/wp-content\/uploads\/2012\/02\/catalogo_abierto_2.jpg","datePublished":"2012-02-03T12:43:55+00:00","breadcrumb":{"@id":"https:\/\/ingra.net\/online\/catalogo-para-la-exposicion-emilio-varela-en-la-coleccion-de-la-diputacion-de-alicante\/#breadcrumb"},"inLanguage":"es","potentialAction":[{"@type":"ReadAction","target":["https:\/\/ingra.net\/online\/catalogo-para-la-exposicion-emilio-varela-en-la-coleccion-de-la-diputacion-de-alicante\/"]}]},{"@type":"ImageObject","inLanguage":"es","@id":"https:\/\/ingra.net\/online\/catalogo-para-la-exposicion-emilio-varela-en-la-coleccion-de-la-diputacion-de-alicante\/#primaryimage","url":"https:\/\/ingra.net\/online\/wp-content\/uploads\/2012\/02\/catalogo_abierto_2.jpg","contentUrl":"https:\/\/ingra.net\/online\/wp-content\/uploads\/2012\/02\/catalogo_abierto_2.jpg","width":606,"height":334,"caption":"Cat\u00e1logo de la exposici\u00f3n de Emilio Varela en el MUBAG"},{"@type":"BreadcrumbList","@id":"https:\/\/ingra.net\/online\/catalogo-para-la-exposicion-emilio-varela-en-la-coleccion-de-la-diputacion-de-alicante\/#breadcrumb","itemListElement":[{"@type":"ListItem","position":1,"name":"Portada","item":"https:\/\/ingra.net\/online\/"},{"@type":"ListItem","position":2,"name":"Cat\u00e1logo para la exposici\u00f3n \u201cEmilio Varela, en la colecci\u00f3n de la Diputaci\u00f3n de Alicante\u201d"}]},{"@type":"WebSite","@id":"https:\/\/ingra.net\/online\/#website","url":"https:\/\/ingra.net\/online\/","name":"Ingra Impresores","description":"Imprenta Offset y digital en Alicante","publisher":{"@id":"https:\/\/ingra.net\/online\/#organization"},"alternateName":"INGRA","potentialAction":[{"@type":"SearchAction","target":{"@type":"EntryPoint","urlTemplate":"https:\/\/ingra.net\/online\/?s={search_term_string}"},"query-input":{"@type":"PropertyValueSpecification","valueRequired":true,"valueName":"search_term_string"}}],"inLanguage":"es"},{"@type":"Organization","@id":"https:\/\/ingra.net\/online\/#organization","name":"Ingra Impresores","alternateName":"Ingra impresores","url":"https:\/\/ingra.net\/online\/","logo":{"@type":"ImageObject","inLanguage":"es","@id":"https:\/\/ingra.net\/online\/#\/schema\/logo\/image\/","url":"https:\/\/ingra.net\/online\/wp-content\/uploads\/2012\/11\/logo.png","contentUrl":"https:\/\/ingra.net\/online\/wp-content\/uploads\/2012\/11\/logo.png","width":360,"height":105,"caption":"Ingra Impresores"},"image":{"@id":"https:\/\/ingra.net\/online\/#\/schema\/logo\/image\/"},"sameAs":["https:\/\/www.facebook.com\/INGRAIMPRESORES","https:\/\/x.com\/IngraImpresores","https:\/\/www.instagram.com\/ingraimpresoresalicante\/"]},{"@type":"Person","@id":"https:\/\/ingra.net\/online\/#\/schema\/person\/b0aa22185c5cc21a074904b5d6618a93","name":"marketing","image":{"@type":"ImageObject","inLanguage":"es","@id":"https:\/\/secure.gravatar.com\/avatar\/404d02c0b1dc05b717a481cb9d9fa33d8a40b9c6ce9fcaf992f623f29d653695?s=96&d=mm&r=g","url":"https:\/\/secure.gravatar.com\/avatar\/404d02c0b1dc05b717a481cb9d9fa33d8a40b9c6ce9fcaf992f623f29d653695?s=96&d=mm&r=g","contentUrl":"https:\/\/secure.gravatar.com\/avatar\/404d02c0b1dc05b717a481cb9d9fa33d8a40b9c6ce9fcaf992f623f29d653695?s=96&d=mm&r=g","caption":"marketing"},"url":"https:\/\/ingra.net\/online\/author\/marketing\/"}]}},"_links":{"self":[{"href":"https:\/\/ingra.net\/online\/wp-json\/wp\/v2\/posts\/444","targetHints":{"allow":["GET"]}}],"collection":[{"href":"https:\/\/ingra.net\/online\/wp-json\/wp\/v2\/posts"}],"about":[{"href":"https:\/\/ingra.net\/online\/wp-json\/wp\/v2\/types\/post"}],"author":[{"embeddable":true,"href":"https:\/\/ingra.net\/online\/wp-json\/wp\/v2\/users\/2"}],"replies":[{"embeddable":true,"href":"https:\/\/ingra.net\/online\/wp-json\/wp\/v2\/comments?post=444"}],"version-history":[{"count":0,"href":"https:\/\/ingra.net\/online\/wp-json\/wp\/v2\/posts\/444\/revisions"}],"wp:attachment":[{"href":"https:\/\/ingra.net\/online\/wp-json\/wp\/v2\/media?parent=444"}],"wp:term":[{"taxonomy":"category","embeddable":true,"href":"https:\/\/ingra.net\/online\/wp-json\/wp\/v2\/categories?post=444"},{"taxonomy":"post_tag","embeddable":true,"href":"https:\/\/ingra.net\/online\/wp-json\/wp\/v2\/tags?post=444"}],"curies":[{"name":"wp","href":"https:\/\/api.w.org\/{rel}","templated":true}]}}