{"id":361,"date":"2011-08-12T09:31:29","date_gmt":"2011-08-12T07:31:29","guid":{"rendered":"http:\/\/www.imprimimosvida.com\/?p=361"},"modified":"2011-08-12T09:31:29","modified_gmt":"2011-08-12T07:31:29","slug":"libro-restauracion-palacio-provincial-de-la-diputacion","status":"publish","type":"post","link":"https:\/\/ingra.net\/online\/libro-restauracion-palacio-provincial-de-la-diputacion\/","title":{"rendered":"Libro restauraci\u00f3n Palacio Provincial de la Diputaci\u00f3n"},"content":{"rendered":"<p>El Palacio Provincial, sede de la Diputaci\u00f3n de Alicante, cumple ochenta a\u00f1os, se ha editado un libro que recoge el proceso y documentaci\u00f3n utilizada en la restauraci\u00f3n del edificio del arquitecto Juan Vidal, por parte del departamento de Arquitectura de la Diputaci\u00f3n de Alicante, dirigiendo esta publicaci\u00f3n los arquitectos Rafael P\u00e9rez y Joaqu\u00edn Maseres, el libro est\u00e1 dise\u00f1ado por Vdh Comunicaci\u00f3n y contiene un amplio reportaje de fotograf\u00eda del estado actual, a cargo de Pablo Pacheco Conesa.<\/p>\n<div id=\"attachment_364\" style=\"width: 650px\" class=\"wp-caption alignnone\"><img loading=\"lazy\" decoding=\"async\" aria-describedby=\"caption-attachment-364\" class=\"size-full wp-image-364\" title=\"IMG_0989\" src=\"http:\/\/ingra.net\/online\/wp-content\/uploads\/2011\/08\/IMG_0989.jpg\" alt=\"Libro Diputaci\u00f3n\" width=\"640\" height=\"480\" srcset=\"https:\/\/ingra.net\/online\/wp-content\/uploads\/2011\/08\/IMG_0989.jpg 640w, https:\/\/ingra.net\/online\/wp-content\/uploads\/2011\/08\/IMG_0989-300x225.jpg 300w, https:\/\/ingra.net\/online\/wp-content\/uploads\/2011\/08\/IMG_0989-600x450.jpg 600w, https:\/\/ingra.net\/online\/wp-content\/uploads\/2011\/08\/IMG_0989-150x113.jpg 150w\" sizes=\"auto, (max-width: 640px) 100vw, 640px\" \/><p id=\"caption-attachment-364\" class=\"wp-caption-text\">Libro Diputaci\u00f3n<\/p><\/div>\n","protected":false},"excerpt":{"rendered":"<p>El Palacio Provincial, sede de la Diputaci\u00f3n de Alicante, cumple ochenta a\u00f1os, se ha editado un libro que recoge el<\/p>\n","protected":false},"author":2,"featured_media":0,"comment_status":"open","ping_status":"open","sticky":false,"template":"","format":"aside","meta":{"_monsterinsights_skip_tracking":false,"_monsterinsights_sitenote_active":false,"_monsterinsights_sitenote_note":"","_monsterinsights_sitenote_category":0,"footnotes":""},"categories":[16],"tags":[34,94,167],"class_list":["post-361","post","type-post","status-publish","format-aside","hentry","category-trabajos","tag-alicante","tag-diputacion","tag-libro","post_format-post-format-aside"],"yoast_head":"<!-- This site is optimized with the Yoast SEO plugin v27.4 - https:\/\/yoast.com\/product\/yoast-seo-wordpress\/ -->\n<title>Libro restauraci\u00f3n Palacio Provincial de la Diputaci\u00f3n | Ingra Impresores<\/title>\n<meta name=\"robots\" content=\"index, follow, max-snippet:-1, max-image-preview:large, max-video-preview:-1\" \/>\n<link rel=\"canonical\" href=\"https:\/\/ingra.net\/online\/libro-restauracion-palacio-provincial-de-la-diputacion\/\" \/>\n<meta property=\"og:locale\" content=\"es_ES\" \/>\n<meta property=\"og:type\" content=\"article\" \/>\n<meta property=\"og:title\" content=\"Libro restauraci\u00f3n Palacio Provincial de la Diputaci\u00f3n | Ingra Impresores\" \/>\n<meta property=\"og:description\" content=\"El Palacio Provincial, sede de la Diputaci\u00f3n de Alicante, cumple ochenta a\u00f1os, se ha editado un libro que recoge el\" \/>\n<meta property=\"og:url\" content=\"https:\/\/ingra.net\/online\/libro-restauracion-palacio-provincial-de-la-diputacion\/\" \/>\n<meta property=\"og:site_name\" content=\"Ingra Impresores\" \/>\n<meta property=\"article:publisher\" content=\"https:\/\/www.facebook.com\/INGRAIMPRESORES\" \/>\n<meta property=\"article:published_time\" content=\"2011-08-12T07:31:29+00:00\" \/>\n<meta property=\"og:image\" content=\"http:\/\/ingra.net\/online\/wp-content\/uploads\/2011\/08\/IMG_0989.jpg\" \/>\n<meta name=\"author\" content=\"marketing\" \/>\n<meta name=\"twitter:card\" content=\"summary_large_image\" \/>\n<meta name=\"twitter:creator\" content=\"@IngraImpresores\" \/>\n<meta name=\"twitter:site\" content=\"@IngraImpresores\" \/>\n<meta name=\"twitter:label1\" content=\"Escrito por\" \/>\n\t<meta name=\"twitter:data1\" content=\"marketing\" \/>\n<script type=\"application\/ld+json\" class=\"yoast-schema-graph\">{\"@context\":\"https:\\\/\\\/schema.org\",\"@graph\":[{\"@type\":\"Article\",\"@id\":\"https:\\\/\\\/ingra.net\\\/online\\\/libro-restauracion-palacio-provincial-de-la-diputacion\\\/#article\",\"isPartOf\":{\"@id\":\"https:\\\/\\\/ingra.net\\\/online\\\/libro-restauracion-palacio-provincial-de-la-diputacion\\\/\"},\"author\":{\"name\":\"marketing\",\"@id\":\"https:\\\/\\\/ingra.net\\\/online\\\/#\\\/schema\\\/person\\\/b0aa22185c5cc21a074904b5d6618a93\"},\"headline\":\"Libro restauraci\u00f3n Palacio Provincial de la Diputaci\u00f3n\",\"datePublished\":\"2011-08-12T07:31:29+00:00\",\"mainEntityOfPage\":{\"@id\":\"https:\\\/\\\/ingra.net\\\/online\\\/libro-restauracion-palacio-provincial-de-la-diputacion\\\/\"},\"wordCount\":108,\"commentCount\":0,\"publisher\":{\"@id\":\"https:\\\/\\\/ingra.net\\\/online\\\/#organization\"},\"image\":{\"@id\":\"https:\\\/\\\/ingra.net\\\/online\\\/libro-restauracion-palacio-provincial-de-la-diputacion\\\/#primaryimage\"},\"thumbnailUrl\":\"http:\\\/\\\/ingra.net\\\/online\\\/wp-content\\\/uploads\\\/2011\\\/08\\\/IMG_0989.jpg\",\"keywords\":[\"alicante\",\"Diputaci\u00f3n\",\"libro\"],\"articleSection\":[\"Trabajos\"],\"inLanguage\":\"es\",\"potentialAction\":[{\"@type\":\"CommentAction\",\"name\":\"Comment\",\"target\":[\"https:\\\/\\\/ingra.net\\\/online\\\/libro-restauracion-palacio-provincial-de-la-diputacion\\\/#respond\"]}]},{\"@type\":\"WebPage\",\"@id\":\"https:\\\/\\\/ingra.net\\\/online\\\/libro-restauracion-palacio-provincial-de-la-diputacion\\\/\",\"url\":\"https:\\\/\\\/ingra.net\\\/online\\\/libro-restauracion-palacio-provincial-de-la-diputacion\\\/\",\"name\":\"Libro restauraci\u00f3n Palacio Provincial de la Diputaci\u00f3n | Ingra Impresores\",\"isPartOf\":{\"@id\":\"https:\\\/\\\/ingra.net\\\/online\\\/#website\"},\"primaryImageOfPage\":{\"@id\":\"https:\\\/\\\/ingra.net\\\/online\\\/libro-restauracion-palacio-provincial-de-la-diputacion\\\/#primaryimage\"},\"image\":{\"@id\":\"https:\\\/\\\/ingra.net\\\/online\\\/libro-restauracion-palacio-provincial-de-la-diputacion\\\/#primaryimage\"},\"thumbnailUrl\":\"http:\\\/\\\/ingra.net\\\/online\\\/wp-content\\\/uploads\\\/2011\\\/08\\\/IMG_0989.jpg\",\"datePublished\":\"2011-08-12T07:31:29+00:00\",\"breadcrumb\":{\"@id\":\"https:\\\/\\\/ingra.net\\\/online\\\/libro-restauracion-palacio-provincial-de-la-diputacion\\\/#breadcrumb\"},\"inLanguage\":\"es\",\"potentialAction\":[{\"@type\":\"ReadAction\",\"target\":[\"https:\\\/\\\/ingra.net\\\/online\\\/libro-restauracion-palacio-provincial-de-la-diputacion\\\/\"]}]},{\"@type\":\"ImageObject\",\"inLanguage\":\"es\",\"@id\":\"https:\\\/\\\/ingra.net\\\/online\\\/libro-restauracion-palacio-provincial-de-la-diputacion\\\/#primaryimage\",\"url\":\"https:\\\/\\\/ingra.net\\\/online\\\/wp-content\\\/uploads\\\/2011\\\/08\\\/IMG_0989.jpg\",\"contentUrl\":\"https:\\\/\\\/ingra.net\\\/online\\\/wp-content\\\/uploads\\\/2011\\\/08\\\/IMG_0989.jpg\",\"width\":640,\"height\":480,\"caption\":\"Libro Diputaci\u00f3n\"},{\"@type\":\"BreadcrumbList\",\"@id\":\"https:\\\/\\\/ingra.net\\\/online\\\/libro-restauracion-palacio-provincial-de-la-diputacion\\\/#breadcrumb\",\"itemListElement\":[{\"@type\":\"ListItem\",\"position\":1,\"name\":\"Portada\",\"item\":\"https:\\\/\\\/ingra.net\\\/online\\\/\"},{\"@type\":\"ListItem\",\"position\":2,\"name\":\"Libro restauraci\u00f3n Palacio Provincial de la Diputaci\u00f3n\"}]},{\"@type\":\"WebSite\",\"@id\":\"https:\\\/\\\/ingra.net\\\/online\\\/#website\",\"url\":\"https:\\\/\\\/ingra.net\\\/online\\\/\",\"name\":\"Ingra Impresores\",\"description\":\"Imprenta Offset y digital en Alicante\",\"publisher\":{\"@id\":\"https:\\\/\\\/ingra.net\\\/online\\\/#organization\"},\"alternateName\":\"INGRA\",\"potentialAction\":[{\"@type\":\"SearchAction\",\"target\":{\"@type\":\"EntryPoint\",\"urlTemplate\":\"https:\\\/\\\/ingra.net\\\/online\\\/?s={search_term_string}\"},\"query-input\":{\"@type\":\"PropertyValueSpecification\",\"valueRequired\":true,\"valueName\":\"search_term_string\"}}],\"inLanguage\":\"es\"},{\"@type\":\"Organization\",\"@id\":\"https:\\\/\\\/ingra.net\\\/online\\\/#organization\",\"name\":\"Ingra Impresores\",\"alternateName\":\"Ingra impresores\",\"url\":\"https:\\\/\\\/ingra.net\\\/online\\\/\",\"logo\":{\"@type\":\"ImageObject\",\"inLanguage\":\"es\",\"@id\":\"https:\\\/\\\/ingra.net\\\/online\\\/#\\\/schema\\\/logo\\\/image\\\/\",\"url\":\"https:\\\/\\\/ingra.net\\\/online\\\/wp-content\\\/uploads\\\/2012\\\/11\\\/logo.png\",\"contentUrl\":\"https:\\\/\\\/ingra.net\\\/online\\\/wp-content\\\/uploads\\\/2012\\\/11\\\/logo.png\",\"width\":360,\"height\":105,\"caption\":\"Ingra Impresores\"},\"image\":{\"@id\":\"https:\\\/\\\/ingra.net\\\/online\\\/#\\\/schema\\\/logo\\\/image\\\/\"},\"sameAs\":[\"https:\\\/\\\/www.facebook.com\\\/INGRAIMPRESORES\",\"https:\\\/\\\/x.com\\\/IngraImpresores\",\"https:\\\/\\\/www.instagram.com\\\/ingraimpresoresalicante\\\/\"]},{\"@type\":\"Person\",\"@id\":\"https:\\\/\\\/ingra.net\\\/online\\\/#\\\/schema\\\/person\\\/b0aa22185c5cc21a074904b5d6618a93\",\"name\":\"marketing\",\"image\":{\"@type\":\"ImageObject\",\"inLanguage\":\"es\",\"@id\":\"https:\\\/\\\/secure.gravatar.com\\\/avatar\\\/404d02c0b1dc05b717a481cb9d9fa33d8a40b9c6ce9fcaf992f623f29d653695?s=96&d=mm&r=g\",\"url\":\"https:\\\/\\\/secure.gravatar.com\\\/avatar\\\/404d02c0b1dc05b717a481cb9d9fa33d8a40b9c6ce9fcaf992f623f29d653695?s=96&d=mm&r=g\",\"contentUrl\":\"https:\\\/\\\/secure.gravatar.com\\\/avatar\\\/404d02c0b1dc05b717a481cb9d9fa33d8a40b9c6ce9fcaf992f623f29d653695?s=96&d=mm&r=g\",\"caption\":\"marketing\"},\"url\":\"https:\\\/\\\/ingra.net\\\/online\\\/author\\\/marketing\\\/\"}]}<\/script>\n<!-- \/ Yoast SEO plugin. -->","yoast_head_json":{"title":"Libro restauraci\u00f3n Palacio Provincial de la Diputaci\u00f3n | Ingra Impresores","robots":{"index":"index","follow":"follow","max-snippet":"max-snippet:-1","max-image-preview":"max-image-preview:large","max-video-preview":"max-video-preview:-1"},"canonical":"https:\/\/ingra.net\/online\/libro-restauracion-palacio-provincial-de-la-diputacion\/","og_locale":"es_ES","og_type":"article","og_title":"Libro restauraci\u00f3n Palacio Provincial de la Diputaci\u00f3n | Ingra Impresores","og_description":"El Palacio Provincial, sede de la Diputaci\u00f3n de Alicante, cumple ochenta a\u00f1os, se ha editado un libro que recoge el","og_url":"https:\/\/ingra.net\/online\/libro-restauracion-palacio-provincial-de-la-diputacion\/","og_site_name":"Ingra Impresores","article_publisher":"https:\/\/www.facebook.com\/INGRAIMPRESORES","article_published_time":"2011-08-12T07:31:29+00:00","og_image":[{"url":"http:\/\/ingra.net\/online\/wp-content\/uploads\/2011\/08\/IMG_0989.jpg","type":"","width":"","height":""}],"author":"marketing","twitter_card":"summary_large_image","twitter_creator":"@IngraImpresores","twitter_site":"@IngraImpresores","twitter_misc":{"Escrito por":"marketing"},"schema":{"@context":"https:\/\/schema.org","@graph":[{"@type":"Article","@id":"https:\/\/ingra.net\/online\/libro-restauracion-palacio-provincial-de-la-diputacion\/#article","isPartOf":{"@id":"https:\/\/ingra.net\/online\/libro-restauracion-palacio-provincial-de-la-diputacion\/"},"author":{"name":"marketing","@id":"https:\/\/ingra.net\/online\/#\/schema\/person\/b0aa22185c5cc21a074904b5d6618a93"},"headline":"Libro restauraci\u00f3n Palacio Provincial de la Diputaci\u00f3n","datePublished":"2011-08-12T07:31:29+00:00","mainEntityOfPage":{"@id":"https:\/\/ingra.net\/online\/libro-restauracion-palacio-provincial-de-la-diputacion\/"},"wordCount":108,"commentCount":0,"publisher":{"@id":"https:\/\/ingra.net\/online\/#organization"},"image":{"@id":"https:\/\/ingra.net\/online\/libro-restauracion-palacio-provincial-de-la-diputacion\/#primaryimage"},"thumbnailUrl":"http:\/\/ingra.net\/online\/wp-content\/uploads\/2011\/08\/IMG_0989.jpg","keywords":["alicante","Diputaci\u00f3n","libro"],"articleSection":["Trabajos"],"inLanguage":"es","potentialAction":[{"@type":"CommentAction","name":"Comment","target":["https:\/\/ingra.net\/online\/libro-restauracion-palacio-provincial-de-la-diputacion\/#respond"]}]},{"@type":"WebPage","@id":"https:\/\/ingra.net\/online\/libro-restauracion-palacio-provincial-de-la-diputacion\/","url":"https:\/\/ingra.net\/online\/libro-restauracion-palacio-provincial-de-la-diputacion\/","name":"Libro restauraci\u00f3n Palacio Provincial de la Diputaci\u00f3n | Ingra Impresores","isPartOf":{"@id":"https:\/\/ingra.net\/online\/#website"},"primaryImageOfPage":{"@id":"https:\/\/ingra.net\/online\/libro-restauracion-palacio-provincial-de-la-diputacion\/#primaryimage"},"image":{"@id":"https:\/\/ingra.net\/online\/libro-restauracion-palacio-provincial-de-la-diputacion\/#primaryimage"},"thumbnailUrl":"http:\/\/ingra.net\/online\/wp-content\/uploads\/2011\/08\/IMG_0989.jpg","datePublished":"2011-08-12T07:31:29+00:00","breadcrumb":{"@id":"https:\/\/ingra.net\/online\/libro-restauracion-palacio-provincial-de-la-diputacion\/#breadcrumb"},"inLanguage":"es","potentialAction":[{"@type":"ReadAction","target":["https:\/\/ingra.net\/online\/libro-restauracion-palacio-provincial-de-la-diputacion\/"]}]},{"@type":"ImageObject","inLanguage":"es","@id":"https:\/\/ingra.net\/online\/libro-restauracion-palacio-provincial-de-la-diputacion\/#primaryimage","url":"https:\/\/ingra.net\/online\/wp-content\/uploads\/2011\/08\/IMG_0989.jpg","contentUrl":"https:\/\/ingra.net\/online\/wp-content\/uploads\/2011\/08\/IMG_0989.jpg","width":640,"height":480,"caption":"Libro Diputaci\u00f3n"},{"@type":"BreadcrumbList","@id":"https:\/\/ingra.net\/online\/libro-restauracion-palacio-provincial-de-la-diputacion\/#breadcrumb","itemListElement":[{"@type":"ListItem","position":1,"name":"Portada","item":"https:\/\/ingra.net\/online\/"},{"@type":"ListItem","position":2,"name":"Libro restauraci\u00f3n Palacio Provincial de la Diputaci\u00f3n"}]},{"@type":"WebSite","@id":"https:\/\/ingra.net\/online\/#website","url":"https:\/\/ingra.net\/online\/","name":"Ingra Impresores","description":"Imprenta Offset y digital en Alicante","publisher":{"@id":"https:\/\/ingra.net\/online\/#organization"},"alternateName":"INGRA","potentialAction":[{"@type":"SearchAction","target":{"@type":"EntryPoint","urlTemplate":"https:\/\/ingra.net\/online\/?s={search_term_string}"},"query-input":{"@type":"PropertyValueSpecification","valueRequired":true,"valueName":"search_term_string"}}],"inLanguage":"es"},{"@type":"Organization","@id":"https:\/\/ingra.net\/online\/#organization","name":"Ingra Impresores","alternateName":"Ingra impresores","url":"https:\/\/ingra.net\/online\/","logo":{"@type":"ImageObject","inLanguage":"es","@id":"https:\/\/ingra.net\/online\/#\/schema\/logo\/image\/","url":"https:\/\/ingra.net\/online\/wp-content\/uploads\/2012\/11\/logo.png","contentUrl":"https:\/\/ingra.net\/online\/wp-content\/uploads\/2012\/11\/logo.png","width":360,"height":105,"caption":"Ingra Impresores"},"image":{"@id":"https:\/\/ingra.net\/online\/#\/schema\/logo\/image\/"},"sameAs":["https:\/\/www.facebook.com\/INGRAIMPRESORES","https:\/\/x.com\/IngraImpresores","https:\/\/www.instagram.com\/ingraimpresoresalicante\/"]},{"@type":"Person","@id":"https:\/\/ingra.net\/online\/#\/schema\/person\/b0aa22185c5cc21a074904b5d6618a93","name":"marketing","image":{"@type":"ImageObject","inLanguage":"es","@id":"https:\/\/secure.gravatar.com\/avatar\/404d02c0b1dc05b717a481cb9d9fa33d8a40b9c6ce9fcaf992f623f29d653695?s=96&d=mm&r=g","url":"https:\/\/secure.gravatar.com\/avatar\/404d02c0b1dc05b717a481cb9d9fa33d8a40b9c6ce9fcaf992f623f29d653695?s=96&d=mm&r=g","contentUrl":"https:\/\/secure.gravatar.com\/avatar\/404d02c0b1dc05b717a481cb9d9fa33d8a40b9c6ce9fcaf992f623f29d653695?s=96&d=mm&r=g","caption":"marketing"},"url":"https:\/\/ingra.net\/online\/author\/marketing\/"}]}},"_links":{"self":[{"href":"https:\/\/ingra.net\/online\/wp-json\/wp\/v2\/posts\/361","targetHints":{"allow":["GET"]}}],"collection":[{"href":"https:\/\/ingra.net\/online\/wp-json\/wp\/v2\/posts"}],"about":[{"href":"https:\/\/ingra.net\/online\/wp-json\/wp\/v2\/types\/post"}],"author":[{"embeddable":true,"href":"https:\/\/ingra.net\/online\/wp-json\/wp\/v2\/users\/2"}],"replies":[{"embeddable":true,"href":"https:\/\/ingra.net\/online\/wp-json\/wp\/v2\/comments?post=361"}],"version-history":[{"count":0,"href":"https:\/\/ingra.net\/online\/wp-json\/wp\/v2\/posts\/361\/revisions"}],"wp:attachment":[{"href":"https:\/\/ingra.net\/online\/wp-json\/wp\/v2\/media?parent=361"}],"wp:term":[{"taxonomy":"category","embeddable":true,"href":"https:\/\/ingra.net\/online\/wp-json\/wp\/v2\/categories?post=361"},{"taxonomy":"post_tag","embeddable":true,"href":"https:\/\/ingra.net\/online\/wp-json\/wp\/v2\/tags?post=361"}],"curies":[{"name":"wp","href":"https:\/\/api.w.org\/{rel}","templated":true}]}}