{"id":3206,"date":"2023-10-05T08:52:40","date_gmt":"2023-10-05T08:52:40","guid":{"rendered":"https:\/\/ingra.net\/online\/?p=3206"},"modified":"2023-11-05T11:57:57","modified_gmt":"2023-11-05T11:57:57","slug":"cerramos-los-festivos-del-9-y-12-de-octubre","status":"publish","type":"post","link":"https:\/\/ingra.net\/online\/cerramos-los-festivos-del-9-y-12-de-octubre\/","title":{"rendered":"Cerramos los festivos del 9 y 12 de Octubre"},"content":{"rendered":"<p>Con motivo de los festivos del 9 de Octubre , d\u00eda de la Comunitat Valenciana, y el 12 de Octubre , Fiesta de la Hispanidad y en agradecimiento a nuestro dedicado equipo, hemos decidido hacer un par\u00e9ntesis en nuestro trabajo y \u00a0nuestras instalaciones permanecer\u00e1n cerradas unos d\u00edas para permitir que todos disfruten de un merecido descanso. Adem\u00e1s, hemos decidido tomar un d\u00eda adicional de puente para recargar energ\u00edas y regresar con mayor vitalidad, por lo que continuaremos el descanso el 13 de Octubre.<\/p>\n<p>Agradecemos su comprensi\u00f3n y paciencia . Nos esforzaremos por asegurarnos de que esta interrupci\u00f3n no cause inconvenientes significativos para los pedidos y proyectos que tenemos en marcha. Si tiene alg\u00fan pedido urgente o inquietud, no dude en comunicarse con nosotros antes del viernes 6 de Octubre.<\/p>\n<p>Feliz d\u00eda de la Comunitat y Feliz d\u00eda de la Hispanidad.<\/p>\n<p>Amb motiu dels festius del 9 d&#8217;Octubre , dia de la Comunitat Valenciana, i el 12 d&#8217;Octubre , Festa de la Hispanitat i en agra\u00efment al nostre dedicat equip, hem decidit fer un par\u00e8ntesi en el nostre treball i \u00a0les nostres instal\u00b7lacions romandran tancades uns dies per a permetre que tots gaudisquen d&#8217;un merescut descans. A m\u00e9s, hem decidit prendre un dia addicional de pont per a recarregar energies i tornar amb major vitalitat, per la qual cosa continuarem el descans el 13 d&#8217;Octubre.<\/p>\n<p>Agra\u00efm la seua comprensi\u00f3 i paci\u00e8ncia . Ens esfor\u00e7arem per assegurar-nos que aquesta interrupci\u00f3 no cause inconvenients significatius per a les comandes i projectes que tenim en marxa. Si t\u00e9 alguna comanda urgent o inquietud, no dubte a comunicar-se amb nosaltres abans del divendres 6 d&#8217;Octubre.<\/p>\n<p>Feli\u00e7 dia de la Comunitat i Feli\u00e7 dia de la Hispanitat.<\/p>\n","protected":false},"excerpt":{"rendered":"<p>Con motivo de los festivos del 9 de Octubre , d\u00eda de la Comunitat Valenciana, y el 12 de Octubre<\/p>\n","protected":false},"author":2,"featured_media":2548,"comment_status":"closed","ping_status":"open","sticky":false,"template":"","format":"standard","meta":{"_monsterinsights_skip_tracking":false,"_monsterinsights_sitenote_active":false,"_monsterinsights_sitenote_note":"","_monsterinsights_sitenote_category":0,"footnotes":""},"categories":[17,14],"tags":[686,684,688,689,687,685],"class_list":["post-3206","post","type-post","status-publish","format-standard","has-post-thumbnail","hentry","category-comunicados","category-ingra","tag-9-de-octubre","tag-fiesta","tag-imprenta-digital","tag-imprenta-economica","tag-imprenta-offset","tag-puente"],"yoast_head":"<!-- This site is optimized with the Yoast SEO plugin v27.4 - https:\/\/yoast.com\/product\/yoast-seo-wordpress\/ -->\n<title>Cerramos los festivos del 9 y 12 de Octubre | Ingra Impresores<\/title>\n<meta name=\"robots\" content=\"index, follow, max-snippet:-1, max-image-preview:large, max-video-preview:-1\" \/>\n<link rel=\"canonical\" href=\"https:\/\/ingra.net\/online\/cerramos-los-festivos-del-9-y-12-de-octubre\/\" \/>\n<meta property=\"og:locale\" content=\"es_ES\" \/>\n<meta property=\"og:type\" content=\"article\" \/>\n<meta property=\"og:title\" content=\"Cerramos los festivos del 9 y 12 de Octubre | Ingra Impresores\" \/>\n<meta property=\"og:description\" content=\"Con motivo de los festivos del 9 de Octubre , d\u00eda de la Comunitat Valenciana, y el 12 de Octubre\" \/>\n<meta property=\"og:url\" content=\"https:\/\/ingra.net\/online\/cerramos-los-festivos-del-9-y-12-de-octubre\/\" \/>\n<meta property=\"og:site_name\" content=\"Ingra Impresores\" \/>\n<meta property=\"article:publisher\" content=\"https:\/\/www.facebook.com\/INGRAIMPRESORES\" \/>\n<meta property=\"article:published_time\" content=\"2023-10-05T08:52:40+00:00\" \/>\n<meta property=\"article:modified_time\" content=\"2023-11-05T11:57:57+00:00\" \/>\n<meta property=\"og:image\" content=\"https:\/\/ingra.net\/online\/wp-content\/uploads\/2020\/03\/slider_color.jpg\" \/>\n\t<meta property=\"og:image:width\" content=\"1900\" \/>\n\t<meta property=\"og:image:height\" content=\"1080\" \/>\n\t<meta property=\"og:image:type\" content=\"image\/jpeg\" \/>\n<meta name=\"author\" content=\"marketing\" \/>\n<meta name=\"twitter:card\" content=\"summary_large_image\" \/>\n<meta name=\"twitter:creator\" content=\"@IngraImpresores\" \/>\n<meta name=\"twitter:site\" content=\"@IngraImpresores\" \/>\n<meta name=\"twitter:label1\" content=\"Escrito por\" \/>\n\t<meta name=\"twitter:data1\" content=\"marketing\" \/>\n\t<meta name=\"twitter:label2\" content=\"Tiempo de lectura\" \/>\n\t<meta name=\"twitter:data2\" content=\"1 minuto\" \/>\n<script type=\"application\/ld+json\" class=\"yoast-schema-graph\">{\"@context\":\"https:\\\/\\\/schema.org\",\"@graph\":[{\"@type\":\"Article\",\"@id\":\"https:\\\/\\\/ingra.net\\\/online\\\/cerramos-los-festivos-del-9-y-12-de-octubre\\\/#article\",\"isPartOf\":{\"@id\":\"https:\\\/\\\/ingra.net\\\/online\\\/cerramos-los-festivos-del-9-y-12-de-octubre\\\/\"},\"author\":{\"name\":\"marketing\",\"@id\":\"https:\\\/\\\/ingra.net\\\/online\\\/#\\\/schema\\\/person\\\/b0aa22185c5cc21a074904b5d6618a93\"},\"headline\":\"Cerramos los festivos del 9 y 12 de Octubre\",\"datePublished\":\"2023-10-05T08:52:40+00:00\",\"dateModified\":\"2023-11-05T11:57:57+00:00\",\"mainEntityOfPage\":{\"@id\":\"https:\\\/\\\/ingra.net\\\/online\\\/cerramos-los-festivos-del-9-y-12-de-octubre\\\/\"},\"wordCount\":298,\"publisher\":{\"@id\":\"https:\\\/\\\/ingra.net\\\/online\\\/#organization\"},\"image\":{\"@id\":\"https:\\\/\\\/ingra.net\\\/online\\\/cerramos-los-festivos-del-9-y-12-de-octubre\\\/#primaryimage\"},\"thumbnailUrl\":\"https:\\\/\\\/ingra.net\\\/online\\\/wp-content\\\/uploads\\\/2020\\\/03\\\/slider_color.jpg\",\"keywords\":[\"9 de Octubre\",\"Fiesta\",\"imprenta digital\",\"imprenta econ\u00f3mica\",\"imprenta offset\",\"puente\"],\"articleSection\":[\"Comunicados\",\"ingra\"],\"inLanguage\":\"es\"},{\"@type\":\"WebPage\",\"@id\":\"https:\\\/\\\/ingra.net\\\/online\\\/cerramos-los-festivos-del-9-y-12-de-octubre\\\/\",\"url\":\"https:\\\/\\\/ingra.net\\\/online\\\/cerramos-los-festivos-del-9-y-12-de-octubre\\\/\",\"name\":\"Cerramos los festivos del 9 y 12 de Octubre | Ingra Impresores\",\"isPartOf\":{\"@id\":\"https:\\\/\\\/ingra.net\\\/online\\\/#website\"},\"primaryImageOfPage\":{\"@id\":\"https:\\\/\\\/ingra.net\\\/online\\\/cerramos-los-festivos-del-9-y-12-de-octubre\\\/#primaryimage\"},\"image\":{\"@id\":\"https:\\\/\\\/ingra.net\\\/online\\\/cerramos-los-festivos-del-9-y-12-de-octubre\\\/#primaryimage\"},\"thumbnailUrl\":\"https:\\\/\\\/ingra.net\\\/online\\\/wp-content\\\/uploads\\\/2020\\\/03\\\/slider_color.jpg\",\"datePublished\":\"2023-10-05T08:52:40+00:00\",\"dateModified\":\"2023-11-05T11:57:57+00:00\",\"breadcrumb\":{\"@id\":\"https:\\\/\\\/ingra.net\\\/online\\\/cerramos-los-festivos-del-9-y-12-de-octubre\\\/#breadcrumb\"},\"inLanguage\":\"es\",\"potentialAction\":[{\"@type\":\"ReadAction\",\"target\":[\"https:\\\/\\\/ingra.net\\\/online\\\/cerramos-los-festivos-del-9-y-12-de-octubre\\\/\"]}]},{\"@type\":\"ImageObject\",\"inLanguage\":\"es\",\"@id\":\"https:\\\/\\\/ingra.net\\\/online\\\/cerramos-los-festivos-del-9-y-12-de-octubre\\\/#primaryimage\",\"url\":\"https:\\\/\\\/ingra.net\\\/online\\\/wp-content\\\/uploads\\\/2020\\\/03\\\/slider_color.jpg\",\"contentUrl\":\"https:\\\/\\\/ingra.net\\\/online\\\/wp-content\\\/uploads\\\/2020\\\/03\\\/slider_color.jpg\",\"width\":1900,\"height\":1080,\"caption\":\"Ingra especialistas del color\"},{\"@type\":\"BreadcrumbList\",\"@id\":\"https:\\\/\\\/ingra.net\\\/online\\\/cerramos-los-festivos-del-9-y-12-de-octubre\\\/#breadcrumb\",\"itemListElement\":[{\"@type\":\"ListItem\",\"position\":1,\"name\":\"Portada\",\"item\":\"https:\\\/\\\/ingra.net\\\/online\\\/\"},{\"@type\":\"ListItem\",\"position\":2,\"name\":\"Cerramos los festivos del 9 y 12 de Octubre\"}]},{\"@type\":\"WebSite\",\"@id\":\"https:\\\/\\\/ingra.net\\\/online\\\/#website\",\"url\":\"https:\\\/\\\/ingra.net\\\/online\\\/\",\"name\":\"Ingra Impresores\",\"description\":\"Imprenta Offset y digital en Alicante\",\"publisher\":{\"@id\":\"https:\\\/\\\/ingra.net\\\/online\\\/#organization\"},\"alternateName\":\"INGRA\",\"potentialAction\":[{\"@type\":\"SearchAction\",\"target\":{\"@type\":\"EntryPoint\",\"urlTemplate\":\"https:\\\/\\\/ingra.net\\\/online\\\/?s={search_term_string}\"},\"query-input\":{\"@type\":\"PropertyValueSpecification\",\"valueRequired\":true,\"valueName\":\"search_term_string\"}}],\"inLanguage\":\"es\"},{\"@type\":\"Organization\",\"@id\":\"https:\\\/\\\/ingra.net\\\/online\\\/#organization\",\"name\":\"Ingra Impresores\",\"alternateName\":\"Ingra impresores\",\"url\":\"https:\\\/\\\/ingra.net\\\/online\\\/\",\"logo\":{\"@type\":\"ImageObject\",\"inLanguage\":\"es\",\"@id\":\"https:\\\/\\\/ingra.net\\\/online\\\/#\\\/schema\\\/logo\\\/image\\\/\",\"url\":\"https:\\\/\\\/ingra.net\\\/online\\\/wp-content\\\/uploads\\\/2012\\\/11\\\/logo.png\",\"contentUrl\":\"https:\\\/\\\/ingra.net\\\/online\\\/wp-content\\\/uploads\\\/2012\\\/11\\\/logo.png\",\"width\":360,\"height\":105,\"caption\":\"Ingra Impresores\"},\"image\":{\"@id\":\"https:\\\/\\\/ingra.net\\\/online\\\/#\\\/schema\\\/logo\\\/image\\\/\"},\"sameAs\":[\"https:\\\/\\\/www.facebook.com\\\/INGRAIMPRESORES\",\"https:\\\/\\\/x.com\\\/IngraImpresores\",\"https:\\\/\\\/www.instagram.com\\\/ingraimpresoresalicante\\\/\"]},{\"@type\":\"Person\",\"@id\":\"https:\\\/\\\/ingra.net\\\/online\\\/#\\\/schema\\\/person\\\/b0aa22185c5cc21a074904b5d6618a93\",\"name\":\"marketing\",\"image\":{\"@type\":\"ImageObject\",\"inLanguage\":\"es\",\"@id\":\"https:\\\/\\\/secure.gravatar.com\\\/avatar\\\/404d02c0b1dc05b717a481cb9d9fa33d8a40b9c6ce9fcaf992f623f29d653695?s=96&d=mm&r=g\",\"url\":\"https:\\\/\\\/secure.gravatar.com\\\/avatar\\\/404d02c0b1dc05b717a481cb9d9fa33d8a40b9c6ce9fcaf992f623f29d653695?s=96&d=mm&r=g\",\"contentUrl\":\"https:\\\/\\\/secure.gravatar.com\\\/avatar\\\/404d02c0b1dc05b717a481cb9d9fa33d8a40b9c6ce9fcaf992f623f29d653695?s=96&d=mm&r=g\",\"caption\":\"marketing\"},\"url\":\"https:\\\/\\\/ingra.net\\\/online\\\/author\\\/marketing\\\/\"}]}<\/script>\n<!-- \/ Yoast SEO plugin. -->","yoast_head_json":{"title":"Cerramos los festivos del 9 y 12 de Octubre | Ingra Impresores","robots":{"index":"index","follow":"follow","max-snippet":"max-snippet:-1","max-image-preview":"max-image-preview:large","max-video-preview":"max-video-preview:-1"},"canonical":"https:\/\/ingra.net\/online\/cerramos-los-festivos-del-9-y-12-de-octubre\/","og_locale":"es_ES","og_type":"article","og_title":"Cerramos los festivos del 9 y 12 de Octubre | Ingra Impresores","og_description":"Con motivo de los festivos del 9 de Octubre , d\u00eda de la Comunitat Valenciana, y el 12 de Octubre","og_url":"https:\/\/ingra.net\/online\/cerramos-los-festivos-del-9-y-12-de-octubre\/","og_site_name":"Ingra Impresores","article_publisher":"https:\/\/www.facebook.com\/INGRAIMPRESORES","article_published_time":"2023-10-05T08:52:40+00:00","article_modified_time":"2023-11-05T11:57:57+00:00","og_image":[{"width":1900,"height":1080,"url":"https:\/\/ingra.net\/online\/wp-content\/uploads\/2020\/03\/slider_color.jpg","type":"image\/jpeg"}],"author":"marketing","twitter_card":"summary_large_image","twitter_creator":"@IngraImpresores","twitter_site":"@IngraImpresores","twitter_misc":{"Escrito por":"marketing","Tiempo de lectura":"1 minuto"},"schema":{"@context":"https:\/\/schema.org","@graph":[{"@type":"Article","@id":"https:\/\/ingra.net\/online\/cerramos-los-festivos-del-9-y-12-de-octubre\/#article","isPartOf":{"@id":"https:\/\/ingra.net\/online\/cerramos-los-festivos-del-9-y-12-de-octubre\/"},"author":{"name":"marketing","@id":"https:\/\/ingra.net\/online\/#\/schema\/person\/b0aa22185c5cc21a074904b5d6618a93"},"headline":"Cerramos los festivos del 9 y 12 de Octubre","datePublished":"2023-10-05T08:52:40+00:00","dateModified":"2023-11-05T11:57:57+00:00","mainEntityOfPage":{"@id":"https:\/\/ingra.net\/online\/cerramos-los-festivos-del-9-y-12-de-octubre\/"},"wordCount":298,"publisher":{"@id":"https:\/\/ingra.net\/online\/#organization"},"image":{"@id":"https:\/\/ingra.net\/online\/cerramos-los-festivos-del-9-y-12-de-octubre\/#primaryimage"},"thumbnailUrl":"https:\/\/ingra.net\/online\/wp-content\/uploads\/2020\/03\/slider_color.jpg","keywords":["9 de Octubre","Fiesta","imprenta digital","imprenta econ\u00f3mica","imprenta offset","puente"],"articleSection":["Comunicados","ingra"],"inLanguage":"es"},{"@type":"WebPage","@id":"https:\/\/ingra.net\/online\/cerramos-los-festivos-del-9-y-12-de-octubre\/","url":"https:\/\/ingra.net\/online\/cerramos-los-festivos-del-9-y-12-de-octubre\/","name":"Cerramos los festivos del 9 y 12 de Octubre | Ingra Impresores","isPartOf":{"@id":"https:\/\/ingra.net\/online\/#website"},"primaryImageOfPage":{"@id":"https:\/\/ingra.net\/online\/cerramos-los-festivos-del-9-y-12-de-octubre\/#primaryimage"},"image":{"@id":"https:\/\/ingra.net\/online\/cerramos-los-festivos-del-9-y-12-de-octubre\/#primaryimage"},"thumbnailUrl":"https:\/\/ingra.net\/online\/wp-content\/uploads\/2020\/03\/slider_color.jpg","datePublished":"2023-10-05T08:52:40+00:00","dateModified":"2023-11-05T11:57:57+00:00","breadcrumb":{"@id":"https:\/\/ingra.net\/online\/cerramos-los-festivos-del-9-y-12-de-octubre\/#breadcrumb"},"inLanguage":"es","potentialAction":[{"@type":"ReadAction","target":["https:\/\/ingra.net\/online\/cerramos-los-festivos-del-9-y-12-de-octubre\/"]}]},{"@type":"ImageObject","inLanguage":"es","@id":"https:\/\/ingra.net\/online\/cerramos-los-festivos-del-9-y-12-de-octubre\/#primaryimage","url":"https:\/\/ingra.net\/online\/wp-content\/uploads\/2020\/03\/slider_color.jpg","contentUrl":"https:\/\/ingra.net\/online\/wp-content\/uploads\/2020\/03\/slider_color.jpg","width":1900,"height":1080,"caption":"Ingra especialistas del color"},{"@type":"BreadcrumbList","@id":"https:\/\/ingra.net\/online\/cerramos-los-festivos-del-9-y-12-de-octubre\/#breadcrumb","itemListElement":[{"@type":"ListItem","position":1,"name":"Portada","item":"https:\/\/ingra.net\/online\/"},{"@type":"ListItem","position":2,"name":"Cerramos los festivos del 9 y 12 de Octubre"}]},{"@type":"WebSite","@id":"https:\/\/ingra.net\/online\/#website","url":"https:\/\/ingra.net\/online\/","name":"Ingra Impresores","description":"Imprenta Offset y digital en Alicante","publisher":{"@id":"https:\/\/ingra.net\/online\/#organization"},"alternateName":"INGRA","potentialAction":[{"@type":"SearchAction","target":{"@type":"EntryPoint","urlTemplate":"https:\/\/ingra.net\/online\/?s={search_term_string}"},"query-input":{"@type":"PropertyValueSpecification","valueRequired":true,"valueName":"search_term_string"}}],"inLanguage":"es"},{"@type":"Organization","@id":"https:\/\/ingra.net\/online\/#organization","name":"Ingra Impresores","alternateName":"Ingra impresores","url":"https:\/\/ingra.net\/online\/","logo":{"@type":"ImageObject","inLanguage":"es","@id":"https:\/\/ingra.net\/online\/#\/schema\/logo\/image\/","url":"https:\/\/ingra.net\/online\/wp-content\/uploads\/2012\/11\/logo.png","contentUrl":"https:\/\/ingra.net\/online\/wp-content\/uploads\/2012\/11\/logo.png","width":360,"height":105,"caption":"Ingra Impresores"},"image":{"@id":"https:\/\/ingra.net\/online\/#\/schema\/logo\/image\/"},"sameAs":["https:\/\/www.facebook.com\/INGRAIMPRESORES","https:\/\/x.com\/IngraImpresores","https:\/\/www.instagram.com\/ingraimpresoresalicante\/"]},{"@type":"Person","@id":"https:\/\/ingra.net\/online\/#\/schema\/person\/b0aa22185c5cc21a074904b5d6618a93","name":"marketing","image":{"@type":"ImageObject","inLanguage":"es","@id":"https:\/\/secure.gravatar.com\/avatar\/404d02c0b1dc05b717a481cb9d9fa33d8a40b9c6ce9fcaf992f623f29d653695?s=96&d=mm&r=g","url":"https:\/\/secure.gravatar.com\/avatar\/404d02c0b1dc05b717a481cb9d9fa33d8a40b9c6ce9fcaf992f623f29d653695?s=96&d=mm&r=g","contentUrl":"https:\/\/secure.gravatar.com\/avatar\/404d02c0b1dc05b717a481cb9d9fa33d8a40b9c6ce9fcaf992f623f29d653695?s=96&d=mm&r=g","caption":"marketing"},"url":"https:\/\/ingra.net\/online\/author\/marketing\/"}]}},"_links":{"self":[{"href":"https:\/\/ingra.net\/online\/wp-json\/wp\/v2\/posts\/3206","targetHints":{"allow":["GET"]}}],"collection":[{"href":"https:\/\/ingra.net\/online\/wp-json\/wp\/v2\/posts"}],"about":[{"href":"https:\/\/ingra.net\/online\/wp-json\/wp\/v2\/types\/post"}],"author":[{"embeddable":true,"href":"https:\/\/ingra.net\/online\/wp-json\/wp\/v2\/users\/2"}],"replies":[{"embeddable":true,"href":"https:\/\/ingra.net\/online\/wp-json\/wp\/v2\/comments?post=3206"}],"version-history":[{"count":0,"href":"https:\/\/ingra.net\/online\/wp-json\/wp\/v2\/posts\/3206\/revisions"}],"wp:featuredmedia":[{"embeddable":true,"href":"https:\/\/ingra.net\/online\/wp-json\/wp\/v2\/media\/2548"}],"wp:attachment":[{"href":"https:\/\/ingra.net\/online\/wp-json\/wp\/v2\/media?parent=3206"}],"wp:term":[{"taxonomy":"category","embeddable":true,"href":"https:\/\/ingra.net\/online\/wp-json\/wp\/v2\/categories?post=3206"},{"taxonomy":"post_tag","embeddable":true,"href":"https:\/\/ingra.net\/online\/wp-json\/wp\/v2\/tags?post=3206"}],"curies":[{"name":"wp","href":"https:\/\/api.w.org\/{rel}","templated":true}]}}