{"id":3184,"date":"2023-05-16T07:39:43","date_gmt":"2023-05-16T07:39:43","guid":{"rendered":"https:\/\/ingra.net\/online\/?p=3184"},"modified":"2023-11-05T11:59:08","modified_gmt":"2023-11-05T11:59:08","slug":"17-de-mayo-dia-mundial-del-reciclaje","status":"publish","type":"post","link":"https:\/\/ingra.net\/online\/17-de-mayo-dia-mundial-del-reciclaje\/","title":{"rendered":"17 de mayo D\u00eda Mundial del Reciclaje"},"content":{"rendered":"<p>Como una empresa que nos encontramos en el ciclo de vida del papel, en un lugar importante, por nuestra labor a la hora de fomentar el uso responsable y el reciclaje, nos unimos a la celebraci\u00f3n del d\u00eda mundial del reciclaje, este 17 de mayo. La industria papelera europea ha invertido en tecnolog\u00edas y procesos de fabricaci\u00f3n avanzados para mejorar la calidad y la eficiencia de los papeles reciclados. Esto ha permitido obtener resultados cada vez mejores en t\u00e9rminos de suavidad, blancura y resistencia, lo que a su vez ha aumentado su aceptaci\u00f3n y uso en diferentes aplicaciones, incluida la impresi\u00f3n en papeler\u00eda corporativa, publicaciones, marketing,etc.<\/p>\n<p><a href=\"https:\/\/ingra.net\/online\/wp-content\/uploads\/2020\/08\/fedrigoni-recycled-tool.jpg\"><img loading=\"lazy\" decoding=\"async\" class=\"alignnone size-full wp-image-2904\" src=\"https:\/\/ingra.net\/online\/wp-content\/uploads\/2020\/08\/fedrigoni-recycled-tool.jpg\" alt=\"Fedrigoni Recycled tool\" width=\"1600\" height=\"612\" srcset=\"https:\/\/ingra.net\/online\/wp-content\/uploads\/2020\/08\/fedrigoni-recycled-tool.jpg 1600w, https:\/\/ingra.net\/online\/wp-content\/uploads\/2020\/08\/fedrigoni-recycled-tool-300x115.jpg 300w, https:\/\/ingra.net\/online\/wp-content\/uploads\/2020\/08\/fedrigoni-recycled-tool-600x230.jpg 600w, https:\/\/ingra.net\/online\/wp-content\/uploads\/2020\/08\/fedrigoni-recycled-tool-1024x392.jpg 1024w, https:\/\/ingra.net\/online\/wp-content\/uploads\/2020\/08\/fedrigoni-recycled-tool-768x294.jpg 768w, https:\/\/ingra.net\/online\/wp-content\/uploads\/2020\/08\/fedrigoni-recycled-tool-1536x588.jpg 1536w\" sizes=\"auto, (max-width: 1600px) 100vw, 1600px\" \/><\/a><\/p>\n<p>Promover el uso de papel reciclado muestra el compromiso de la imprenta con la sostenibilidad y el cuidado del medio ambiente. Al adoptar pr\u00e1cticas ecoamigables, la empresa se posiciona como una organizaci\u00f3n responsable y consciente de su impacto en la comunidad y el planeta. Traspasar estos valores a nuestros clientes es fundamental para conseguir una sostenibilidad de nuestro sector a largo plazo.<\/p>\n<p><a href=\"https:\/\/ingra.net\/online\/wp-content\/uploads\/2020\/08\/01_Fedrigoniclub_RecycledTool_destacada-1200x617-1.jpg\"><img loading=\"lazy\" decoding=\"async\" class=\"alignnone size-full wp-image-2902\" src=\"https:\/\/ingra.net\/online\/wp-content\/uploads\/2020\/08\/01_Fedrigoniclub_RecycledTool_destacada-1200x617-1.jpg\" alt=\"Fedrigoni Recycled Tool\" width=\"1200\" height=\"617\" srcset=\"https:\/\/ingra.net\/online\/wp-content\/uploads\/2020\/08\/01_Fedrigoniclub_RecycledTool_destacada-1200x617-1.jpg 1200w, https:\/\/ingra.net\/online\/wp-content\/uploads\/2020\/08\/01_Fedrigoniclub_RecycledTool_destacada-1200x617-1-300x154.jpg 300w, https:\/\/ingra.net\/online\/wp-content\/uploads\/2020\/08\/01_Fedrigoniclub_RecycledTool_destacada-1200x617-1-600x309.jpg 600w, https:\/\/ingra.net\/online\/wp-content\/uploads\/2020\/08\/01_Fedrigoniclub_RecycledTool_destacada-1200x617-1-1024x527.jpg 1024w, https:\/\/ingra.net\/online\/wp-content\/uploads\/2020\/08\/01_Fedrigoniclub_RecycledTool_destacada-1200x617-1-768x395.jpg 768w\" sizes=\"auto, (max-width: 1200px) 100vw, 1200px\" \/><\/a><\/p>\n<p>El papel es uno de los materiales m\u00e1s reciclados y reciclables en el mundo, con una amplia infraestructura de reciclaje establecida en muchos pa\u00edses. Existen sistemas de recolecci\u00f3n y procesamiento del papel reciclado que permiten su reintroducci\u00f3n en la cadena de producci\u00f3n para fabricar nuevos productos de papel.<\/p>\n<p>Consulta con nuestro departamento comercial la gama de papeles reciclados 100% con caracter\u00edsticas de calidad similares a la gama tradicional de papeles offset. Disponemos tambi\u00e9n de gama de reciclados 100% adaptados a las m\u00e1quinas digitales.<\/p>\n<p>&nbsp;<\/p>\n","protected":false},"excerpt":{"rendered":"<p>Como una empresa que nos encontramos en el ciclo de vida del papel, en un lugar importante, por nuestra labor<\/p>\n","protected":false},"author":2,"featured_media":3183,"comment_status":"closed","ping_status":"open","sticky":false,"template":"","format":"standard","meta":{"_monsterinsights_skip_tracking":false,"_monsterinsights_sitenote_active":false,"_monsterinsights_sitenote_note":"","_monsterinsights_sitenote_category":0,"footnotes":""},"categories":[18,14],"tags":[691,688,687,690,195,387,228,677],"class_list":["post-3184","post","type-post","status-publish","format-standard","has-post-thumbnail","hentry","category-general","category-ingra","tag-imprenta-alicante","tag-imprenta-digital","tag-imprenta-offset","tag-imprenta-profesional","tag-papel","tag-papeles-reciclados","tag-reciclados","tag-reciclaje"],"yoast_head":"<!-- This site is optimized with the Yoast SEO plugin v27.4 - https:\/\/yoast.com\/product\/yoast-seo-wordpress\/ -->\n<title>17 de mayo D\u00eda Mundial del Reciclaje | Ingra Impresores<\/title>\n<meta name=\"robots\" content=\"index, follow, max-snippet:-1, max-image-preview:large, max-video-preview:-1\" \/>\n<link rel=\"canonical\" href=\"https:\/\/ingra.net\/online\/17-de-mayo-dia-mundial-del-reciclaje\/\" \/>\n<meta property=\"og:locale\" content=\"es_ES\" \/>\n<meta property=\"og:type\" content=\"article\" \/>\n<meta property=\"og:title\" content=\"17 de mayo D\u00eda Mundial del Reciclaje | Ingra Impresores\" \/>\n<meta property=\"og:description\" content=\"Como una empresa que nos encontramos en el ciclo de vida del papel, en un lugar importante, por nuestra labor\" \/>\n<meta property=\"og:url\" content=\"https:\/\/ingra.net\/online\/17-de-mayo-dia-mundial-del-reciclaje\/\" \/>\n<meta property=\"og:site_name\" content=\"Ingra Impresores\" \/>\n<meta property=\"article:publisher\" content=\"https:\/\/www.facebook.com\/INGRAIMPRESORES\" \/>\n<meta property=\"article:published_time\" content=\"2023-05-16T07:39:43+00:00\" \/>\n<meta property=\"article:modified_time\" content=\"2023-11-05T11:59:08+00:00\" \/>\n<meta property=\"og:image\" content=\"https:\/\/ingra.net\/online\/wp-content\/uploads\/2023\/05\/dia-mundial-del-reciclaje.jpg\" \/>\n\t<meta property=\"og:image:width\" content=\"1920\" \/>\n\t<meta property=\"og:image:height\" content=\"1080\" \/>\n\t<meta property=\"og:image:type\" content=\"image\/jpeg\" \/>\n<meta name=\"author\" content=\"marketing\" \/>\n<meta name=\"twitter:card\" content=\"summary_large_image\" \/>\n<meta name=\"twitter:creator\" content=\"@IngraImpresores\" \/>\n<meta name=\"twitter:site\" content=\"@IngraImpresores\" \/>\n<meta name=\"twitter:label1\" content=\"Escrito por\" \/>\n\t<meta name=\"twitter:data1\" content=\"marketing\" \/>\n\t<meta name=\"twitter:label2\" content=\"Tiempo de lectura\" \/>\n\t<meta name=\"twitter:data2\" content=\"1 minuto\" \/>\n<script type=\"application\/ld+json\" class=\"yoast-schema-graph\">{\"@context\":\"https:\\\/\\\/schema.org\",\"@graph\":[{\"@type\":\"Article\",\"@id\":\"https:\\\/\\\/ingra.net\\\/online\\\/17-de-mayo-dia-mundial-del-reciclaje\\\/#article\",\"isPartOf\":{\"@id\":\"https:\\\/\\\/ingra.net\\\/online\\\/17-de-mayo-dia-mundial-del-reciclaje\\\/\"},\"author\":{\"name\":\"marketing\",\"@id\":\"https:\\\/\\\/ingra.net\\\/online\\\/#\\\/schema\\\/person\\\/b0aa22185c5cc21a074904b5d6618a93\"},\"headline\":\"17 de mayo D\u00eda Mundial del Reciclaje\",\"datePublished\":\"2023-05-16T07:39:43+00:00\",\"dateModified\":\"2023-11-05T11:59:08+00:00\",\"mainEntityOfPage\":{\"@id\":\"https:\\\/\\\/ingra.net\\\/online\\\/17-de-mayo-dia-mundial-del-reciclaje\\\/\"},\"wordCount\":275,\"publisher\":{\"@id\":\"https:\\\/\\\/ingra.net\\\/online\\\/#organization\"},\"image\":{\"@id\":\"https:\\\/\\\/ingra.net\\\/online\\\/17-de-mayo-dia-mundial-del-reciclaje\\\/#primaryimage\"},\"thumbnailUrl\":\"https:\\\/\\\/ingra.net\\\/online\\\/wp-content\\\/uploads\\\/2023\\\/05\\\/dia-mundial-del-reciclaje.jpg\",\"keywords\":[\"imprenta alicante\",\"imprenta digital\",\"imprenta offset\",\"imprenta profesional\",\"papel\",\"papeles reciclados\",\"reciclados\",\"reciclaje\"],\"articleSection\":[\"General\",\"ingra\"],\"inLanguage\":\"es\"},{\"@type\":\"WebPage\",\"@id\":\"https:\\\/\\\/ingra.net\\\/online\\\/17-de-mayo-dia-mundial-del-reciclaje\\\/\",\"url\":\"https:\\\/\\\/ingra.net\\\/online\\\/17-de-mayo-dia-mundial-del-reciclaje\\\/\",\"name\":\"17 de mayo D\u00eda Mundial del Reciclaje | Ingra Impresores\",\"isPartOf\":{\"@id\":\"https:\\\/\\\/ingra.net\\\/online\\\/#website\"},\"primaryImageOfPage\":{\"@id\":\"https:\\\/\\\/ingra.net\\\/online\\\/17-de-mayo-dia-mundial-del-reciclaje\\\/#primaryimage\"},\"image\":{\"@id\":\"https:\\\/\\\/ingra.net\\\/online\\\/17-de-mayo-dia-mundial-del-reciclaje\\\/#primaryimage\"},\"thumbnailUrl\":\"https:\\\/\\\/ingra.net\\\/online\\\/wp-content\\\/uploads\\\/2023\\\/05\\\/dia-mundial-del-reciclaje.jpg\",\"datePublished\":\"2023-05-16T07:39:43+00:00\",\"dateModified\":\"2023-11-05T11:59:08+00:00\",\"breadcrumb\":{\"@id\":\"https:\\\/\\\/ingra.net\\\/online\\\/17-de-mayo-dia-mundial-del-reciclaje\\\/#breadcrumb\"},\"inLanguage\":\"es\",\"potentialAction\":[{\"@type\":\"ReadAction\",\"target\":[\"https:\\\/\\\/ingra.net\\\/online\\\/17-de-mayo-dia-mundial-del-reciclaje\\\/\"]}]},{\"@type\":\"ImageObject\",\"inLanguage\":\"es\",\"@id\":\"https:\\\/\\\/ingra.net\\\/online\\\/17-de-mayo-dia-mundial-del-reciclaje\\\/#primaryimage\",\"url\":\"https:\\\/\\\/ingra.net\\\/online\\\/wp-content\\\/uploads\\\/2023\\\/05\\\/dia-mundial-del-reciclaje.jpg\",\"contentUrl\":\"https:\\\/\\\/ingra.net\\\/online\\\/wp-content\\\/uploads\\\/2023\\\/05\\\/dia-mundial-del-reciclaje.jpg\",\"width\":1920,\"height\":1080,\"caption\":\"Dia mundial del reciclaje\"},{\"@type\":\"BreadcrumbList\",\"@id\":\"https:\\\/\\\/ingra.net\\\/online\\\/17-de-mayo-dia-mundial-del-reciclaje\\\/#breadcrumb\",\"itemListElement\":[{\"@type\":\"ListItem\",\"position\":1,\"name\":\"Portada\",\"item\":\"https:\\\/\\\/ingra.net\\\/online\\\/\"},{\"@type\":\"ListItem\",\"position\":2,\"name\":\"17 de mayo D\u00eda Mundial del Reciclaje\"}]},{\"@type\":\"WebSite\",\"@id\":\"https:\\\/\\\/ingra.net\\\/online\\\/#website\",\"url\":\"https:\\\/\\\/ingra.net\\\/online\\\/\",\"name\":\"Ingra Impresores\",\"description\":\"Imprenta Offset y digital en Alicante\",\"publisher\":{\"@id\":\"https:\\\/\\\/ingra.net\\\/online\\\/#organization\"},\"alternateName\":\"INGRA\",\"potentialAction\":[{\"@type\":\"SearchAction\",\"target\":{\"@type\":\"EntryPoint\",\"urlTemplate\":\"https:\\\/\\\/ingra.net\\\/online\\\/?s={search_term_string}\"},\"query-input\":{\"@type\":\"PropertyValueSpecification\",\"valueRequired\":true,\"valueName\":\"search_term_string\"}}],\"inLanguage\":\"es\"},{\"@type\":\"Organization\",\"@id\":\"https:\\\/\\\/ingra.net\\\/online\\\/#organization\",\"name\":\"Ingra Impresores\",\"alternateName\":\"Ingra impresores\",\"url\":\"https:\\\/\\\/ingra.net\\\/online\\\/\",\"logo\":{\"@type\":\"ImageObject\",\"inLanguage\":\"es\",\"@id\":\"https:\\\/\\\/ingra.net\\\/online\\\/#\\\/schema\\\/logo\\\/image\\\/\",\"url\":\"https:\\\/\\\/ingra.net\\\/online\\\/wp-content\\\/uploads\\\/2012\\\/11\\\/logo.png\",\"contentUrl\":\"https:\\\/\\\/ingra.net\\\/online\\\/wp-content\\\/uploads\\\/2012\\\/11\\\/logo.png\",\"width\":360,\"height\":105,\"caption\":\"Ingra Impresores\"},\"image\":{\"@id\":\"https:\\\/\\\/ingra.net\\\/online\\\/#\\\/schema\\\/logo\\\/image\\\/\"},\"sameAs\":[\"https:\\\/\\\/www.facebook.com\\\/INGRAIMPRESORES\",\"https:\\\/\\\/x.com\\\/IngraImpresores\",\"https:\\\/\\\/www.instagram.com\\\/ingraimpresoresalicante\\\/\"]},{\"@type\":\"Person\",\"@id\":\"https:\\\/\\\/ingra.net\\\/online\\\/#\\\/schema\\\/person\\\/b0aa22185c5cc21a074904b5d6618a93\",\"name\":\"marketing\",\"image\":{\"@type\":\"ImageObject\",\"inLanguage\":\"es\",\"@id\":\"https:\\\/\\\/secure.gravatar.com\\\/avatar\\\/404d02c0b1dc05b717a481cb9d9fa33d8a40b9c6ce9fcaf992f623f29d653695?s=96&d=mm&r=g\",\"url\":\"https:\\\/\\\/secure.gravatar.com\\\/avatar\\\/404d02c0b1dc05b717a481cb9d9fa33d8a40b9c6ce9fcaf992f623f29d653695?s=96&d=mm&r=g\",\"contentUrl\":\"https:\\\/\\\/secure.gravatar.com\\\/avatar\\\/404d02c0b1dc05b717a481cb9d9fa33d8a40b9c6ce9fcaf992f623f29d653695?s=96&d=mm&r=g\",\"caption\":\"marketing\"},\"url\":\"https:\\\/\\\/ingra.net\\\/online\\\/author\\\/marketing\\\/\"}]}<\/script>\n<!-- \/ Yoast SEO plugin. -->","yoast_head_json":{"title":"17 de mayo D\u00eda Mundial del Reciclaje | Ingra Impresores","robots":{"index":"index","follow":"follow","max-snippet":"max-snippet:-1","max-image-preview":"max-image-preview:large","max-video-preview":"max-video-preview:-1"},"canonical":"https:\/\/ingra.net\/online\/17-de-mayo-dia-mundial-del-reciclaje\/","og_locale":"es_ES","og_type":"article","og_title":"17 de mayo D\u00eda Mundial del Reciclaje | Ingra Impresores","og_description":"Como una empresa que nos encontramos en el ciclo de vida del papel, en un lugar importante, por nuestra labor","og_url":"https:\/\/ingra.net\/online\/17-de-mayo-dia-mundial-del-reciclaje\/","og_site_name":"Ingra Impresores","article_publisher":"https:\/\/www.facebook.com\/INGRAIMPRESORES","article_published_time":"2023-05-16T07:39:43+00:00","article_modified_time":"2023-11-05T11:59:08+00:00","og_image":[{"width":1920,"height":1080,"url":"https:\/\/ingra.net\/online\/wp-content\/uploads\/2023\/05\/dia-mundial-del-reciclaje.jpg","type":"image\/jpeg"}],"author":"marketing","twitter_card":"summary_large_image","twitter_creator":"@IngraImpresores","twitter_site":"@IngraImpresores","twitter_misc":{"Escrito por":"marketing","Tiempo de lectura":"1 minuto"},"schema":{"@context":"https:\/\/schema.org","@graph":[{"@type":"Article","@id":"https:\/\/ingra.net\/online\/17-de-mayo-dia-mundial-del-reciclaje\/#article","isPartOf":{"@id":"https:\/\/ingra.net\/online\/17-de-mayo-dia-mundial-del-reciclaje\/"},"author":{"name":"marketing","@id":"https:\/\/ingra.net\/online\/#\/schema\/person\/b0aa22185c5cc21a074904b5d6618a93"},"headline":"17 de mayo D\u00eda Mundial del Reciclaje","datePublished":"2023-05-16T07:39:43+00:00","dateModified":"2023-11-05T11:59:08+00:00","mainEntityOfPage":{"@id":"https:\/\/ingra.net\/online\/17-de-mayo-dia-mundial-del-reciclaje\/"},"wordCount":275,"publisher":{"@id":"https:\/\/ingra.net\/online\/#organization"},"image":{"@id":"https:\/\/ingra.net\/online\/17-de-mayo-dia-mundial-del-reciclaje\/#primaryimage"},"thumbnailUrl":"https:\/\/ingra.net\/online\/wp-content\/uploads\/2023\/05\/dia-mundial-del-reciclaje.jpg","keywords":["imprenta alicante","imprenta digital","imprenta offset","imprenta profesional","papel","papeles reciclados","reciclados","reciclaje"],"articleSection":["General","ingra"],"inLanguage":"es"},{"@type":"WebPage","@id":"https:\/\/ingra.net\/online\/17-de-mayo-dia-mundial-del-reciclaje\/","url":"https:\/\/ingra.net\/online\/17-de-mayo-dia-mundial-del-reciclaje\/","name":"17 de mayo D\u00eda Mundial del Reciclaje | Ingra Impresores","isPartOf":{"@id":"https:\/\/ingra.net\/online\/#website"},"primaryImageOfPage":{"@id":"https:\/\/ingra.net\/online\/17-de-mayo-dia-mundial-del-reciclaje\/#primaryimage"},"image":{"@id":"https:\/\/ingra.net\/online\/17-de-mayo-dia-mundial-del-reciclaje\/#primaryimage"},"thumbnailUrl":"https:\/\/ingra.net\/online\/wp-content\/uploads\/2023\/05\/dia-mundial-del-reciclaje.jpg","datePublished":"2023-05-16T07:39:43+00:00","dateModified":"2023-11-05T11:59:08+00:00","breadcrumb":{"@id":"https:\/\/ingra.net\/online\/17-de-mayo-dia-mundial-del-reciclaje\/#breadcrumb"},"inLanguage":"es","potentialAction":[{"@type":"ReadAction","target":["https:\/\/ingra.net\/online\/17-de-mayo-dia-mundial-del-reciclaje\/"]}]},{"@type":"ImageObject","inLanguage":"es","@id":"https:\/\/ingra.net\/online\/17-de-mayo-dia-mundial-del-reciclaje\/#primaryimage","url":"https:\/\/ingra.net\/online\/wp-content\/uploads\/2023\/05\/dia-mundial-del-reciclaje.jpg","contentUrl":"https:\/\/ingra.net\/online\/wp-content\/uploads\/2023\/05\/dia-mundial-del-reciclaje.jpg","width":1920,"height":1080,"caption":"Dia mundial del reciclaje"},{"@type":"BreadcrumbList","@id":"https:\/\/ingra.net\/online\/17-de-mayo-dia-mundial-del-reciclaje\/#breadcrumb","itemListElement":[{"@type":"ListItem","position":1,"name":"Portada","item":"https:\/\/ingra.net\/online\/"},{"@type":"ListItem","position":2,"name":"17 de mayo D\u00eda Mundial del Reciclaje"}]},{"@type":"WebSite","@id":"https:\/\/ingra.net\/online\/#website","url":"https:\/\/ingra.net\/online\/","name":"Ingra Impresores","description":"Imprenta Offset y digital en Alicante","publisher":{"@id":"https:\/\/ingra.net\/online\/#organization"},"alternateName":"INGRA","potentialAction":[{"@type":"SearchAction","target":{"@type":"EntryPoint","urlTemplate":"https:\/\/ingra.net\/online\/?s={search_term_string}"},"query-input":{"@type":"PropertyValueSpecification","valueRequired":true,"valueName":"search_term_string"}}],"inLanguage":"es"},{"@type":"Organization","@id":"https:\/\/ingra.net\/online\/#organization","name":"Ingra Impresores","alternateName":"Ingra impresores","url":"https:\/\/ingra.net\/online\/","logo":{"@type":"ImageObject","inLanguage":"es","@id":"https:\/\/ingra.net\/online\/#\/schema\/logo\/image\/","url":"https:\/\/ingra.net\/online\/wp-content\/uploads\/2012\/11\/logo.png","contentUrl":"https:\/\/ingra.net\/online\/wp-content\/uploads\/2012\/11\/logo.png","width":360,"height":105,"caption":"Ingra Impresores"},"image":{"@id":"https:\/\/ingra.net\/online\/#\/schema\/logo\/image\/"},"sameAs":["https:\/\/www.facebook.com\/INGRAIMPRESORES","https:\/\/x.com\/IngraImpresores","https:\/\/www.instagram.com\/ingraimpresoresalicante\/"]},{"@type":"Person","@id":"https:\/\/ingra.net\/online\/#\/schema\/person\/b0aa22185c5cc21a074904b5d6618a93","name":"marketing","image":{"@type":"ImageObject","inLanguage":"es","@id":"https:\/\/secure.gravatar.com\/avatar\/404d02c0b1dc05b717a481cb9d9fa33d8a40b9c6ce9fcaf992f623f29d653695?s=96&d=mm&r=g","url":"https:\/\/secure.gravatar.com\/avatar\/404d02c0b1dc05b717a481cb9d9fa33d8a40b9c6ce9fcaf992f623f29d653695?s=96&d=mm&r=g","contentUrl":"https:\/\/secure.gravatar.com\/avatar\/404d02c0b1dc05b717a481cb9d9fa33d8a40b9c6ce9fcaf992f623f29d653695?s=96&d=mm&r=g","caption":"marketing"},"url":"https:\/\/ingra.net\/online\/author\/marketing\/"}]}},"_links":{"self":[{"href":"https:\/\/ingra.net\/online\/wp-json\/wp\/v2\/posts\/3184","targetHints":{"allow":["GET"]}}],"collection":[{"href":"https:\/\/ingra.net\/online\/wp-json\/wp\/v2\/posts"}],"about":[{"href":"https:\/\/ingra.net\/online\/wp-json\/wp\/v2\/types\/post"}],"author":[{"embeddable":true,"href":"https:\/\/ingra.net\/online\/wp-json\/wp\/v2\/users\/2"}],"replies":[{"embeddable":true,"href":"https:\/\/ingra.net\/online\/wp-json\/wp\/v2\/comments?post=3184"}],"version-history":[{"count":0,"href":"https:\/\/ingra.net\/online\/wp-json\/wp\/v2\/posts\/3184\/revisions"}],"wp:featuredmedia":[{"embeddable":true,"href":"https:\/\/ingra.net\/online\/wp-json\/wp\/v2\/media\/3183"}],"wp:attachment":[{"href":"https:\/\/ingra.net\/online\/wp-json\/wp\/v2\/media?parent=3184"}],"wp:term":[{"taxonomy":"category","embeddable":true,"href":"https:\/\/ingra.net\/online\/wp-json\/wp\/v2\/categories?post=3184"},{"taxonomy":"post_tag","embeddable":true,"href":"https:\/\/ingra.net\/online\/wp-json\/wp\/v2\/tags?post=3184"}],"curies":[{"name":"wp","href":"https:\/\/api.w.org\/{rel}","templated":true}]}}