{"id":261,"date":"2011-02-01T16:17:19","date_gmt":"2011-02-01T14:17:19","guid":{"rendered":"http:\/\/www.imprimimosvida.com\/?p=261"},"modified":"2011-02-01T16:17:19","modified_gmt":"2011-02-01T14:17:19","slug":"marca-de-calidad-grafica","status":"publish","type":"post","link":"https:\/\/ingra.net\/online\/marca-de-calidad-grafica\/","title":{"rendered":"Marca de Calidad Gr\u00e1fica"},"content":{"rendered":"<p>VOLVEMOS Y CON ENERG\u00cdAS RENOVADAS: Dentro de nuestro constante esfuerzo y preocupaci\u00f3n por ofrecer un mejor servicio a nuestros clientes y posicionarnos por encima de nuestra competencia, Ingra ha obtenido la marca de Calidad Gr\u00e1fica para offset,<\/p>\n<p>Es un distintivo desarrollado por el Cluster de la Industria Gr\u00e1fica de la Comunidad Valenciana, que reconoce la excelencia de las empresas gr\u00e1ficas que obtengan certificaciones en el \u00e1mbito de la gesti\u00f3n de procesos, la calidad y\/o el medioambiente.<br \/>\nToda una garant\u00eda para los trabajos m\u00e1s exigentes, para los proyectos donde fidelidad del color, calidad de los acabados, plazos de entrega y postventa marquen la diferencia.<\/p>\n<p>La tranquilidad de nuestros clientes tiene un nombre:<\/p>\n<p><img loading=\"lazy\" decoding=\"async\" class=\"alignnone size-full wp-image-262\" title=\"Imagen 5\" src=\"http:\/\/ingra.net\/online\/wp-content\/uploads\/2010\/06\/Imagen-5.png\" alt=\"Imagen 5\" width=\"402\" height=\"106\" srcset=\"https:\/\/ingra.net\/online\/wp-content\/uploads\/2010\/06\/Imagen-5.png 402w, https:\/\/ingra.net\/online\/wp-content\/uploads\/2010\/06\/Imagen-5-300x79.png 300w, https:\/\/ingra.net\/online\/wp-content\/uploads\/2010\/06\/Imagen-5-150x40.png 150w\" sizes=\"auto, (max-width: 402px) 100vw, 402px\" \/><\/p>\n","protected":false},"excerpt":{"rendered":"<p>VOLVEMOS Y CON ENERG\u00cdAS RENOVADAS: Dentro de nuestro constante esfuerzo y preocupaci\u00f3n por ofrecer un mejor servicio a nuestros clientes y posicionarnos por encima de nuestra competencia, Ingra ha obtenido la marca de Calidad Gr\u00e1fica para offset.<\/p>\n","protected":false},"author":2,"featured_media":0,"comment_status":"open","ping_status":"open","sticky":false,"template":"","format":"aside","meta":{"_monsterinsights_skip_tracking":false,"_monsterinsights_sitenote_active":false,"_monsterinsights_sitenote_note":"","_monsterinsights_sitenote_category":0,"footnotes":""},"categories":[17,14],"tags":[56,68,77,192],"class_list":["post-261","post","type-post","status-publish","format-aside","hentry","category-comunicados","category-ingra","tag-calidad-grafica","tag-cluster","tag-comunidad-valenciana","tag-offset","post_format-post-format-aside"],"yoast_head":"<!-- This site is optimized with the Yoast SEO plugin v27.4 - https:\/\/yoast.com\/product\/yoast-seo-wordpress\/ -->\n<title>Marca de Calidad Gr\u00e1fica | Ingra Impresores<\/title>\n<meta name=\"robots\" content=\"index, follow, max-snippet:-1, max-image-preview:large, max-video-preview:-1\" \/>\n<link rel=\"canonical\" href=\"https:\/\/ingra.net\/online\/marca-de-calidad-grafica\/\" \/>\n<meta property=\"og:locale\" content=\"es_ES\" \/>\n<meta property=\"og:type\" content=\"article\" \/>\n<meta property=\"og:title\" content=\"Marca de Calidad Gr\u00e1fica | Ingra Impresores\" \/>\n<meta property=\"og:description\" content=\"VOLVEMOS Y CON ENERG\u00cdAS RENOVADAS: Dentro de nuestro constante esfuerzo y preocupaci\u00f3n por ofrecer un mejor servicio a nuestros clientes y posicionarnos por encima de nuestra competencia, Ingra ha obtenido la marca de Calidad Gr\u00e1fica para offset.\" \/>\n<meta property=\"og:url\" content=\"https:\/\/ingra.net\/online\/marca-de-calidad-grafica\/\" \/>\n<meta property=\"og:site_name\" content=\"Ingra Impresores\" \/>\n<meta property=\"article:publisher\" content=\"https:\/\/www.facebook.com\/INGRAIMPRESORES\" \/>\n<meta property=\"article:published_time\" content=\"2011-02-01T14:17:19+00:00\" \/>\n<meta property=\"og:image\" content=\"http:\/\/ingra.net\/online\/wp-content\/uploads\/2010\/06\/Imagen-5.png\" \/>\n<meta name=\"author\" content=\"marketing\" \/>\n<meta name=\"twitter:card\" content=\"summary_large_image\" \/>\n<meta name=\"twitter:creator\" content=\"@IngraImpresores\" \/>\n<meta name=\"twitter:site\" content=\"@IngraImpresores\" \/>\n<meta name=\"twitter:label1\" content=\"Escrito por\" \/>\n\t<meta name=\"twitter:data1\" content=\"marketing\" \/>\n\t<meta name=\"twitter:label2\" content=\"Tiempo de lectura\" \/>\n\t<meta name=\"twitter:data2\" content=\"1 minuto\" \/>\n<script type=\"application\/ld+json\" class=\"yoast-schema-graph\">{\"@context\":\"https:\\\/\\\/schema.org\",\"@graph\":[{\"@type\":\"Article\",\"@id\":\"https:\\\/\\\/ingra.net\\\/online\\\/marca-de-calidad-grafica\\\/#article\",\"isPartOf\":{\"@id\":\"https:\\\/\\\/ingra.net\\\/online\\\/marca-de-calidad-grafica\\\/\"},\"author\":{\"name\":\"marketing\",\"@id\":\"https:\\\/\\\/ingra.net\\\/online\\\/#\\\/schema\\\/person\\\/b0aa22185c5cc21a074904b5d6618a93\"},\"headline\":\"Marca de Calidad Gr\u00e1fica\",\"datePublished\":\"2011-02-01T14:17:19+00:00\",\"mainEntityOfPage\":{\"@id\":\"https:\\\/\\\/ingra.net\\\/online\\\/marca-de-calidad-grafica\\\/\"},\"wordCount\":125,\"commentCount\":0,\"publisher\":{\"@id\":\"https:\\\/\\\/ingra.net\\\/online\\\/#organization\"},\"image\":{\"@id\":\"https:\\\/\\\/ingra.net\\\/online\\\/marca-de-calidad-grafica\\\/#primaryimage\"},\"thumbnailUrl\":\"http:\\\/\\\/ingra.net\\\/online\\\/wp-content\\\/uploads\\\/2010\\\/06\\\/Imagen-5.png\",\"keywords\":[\"calidad gr\u00e1fica\",\"Cluster\",\"Comunidad Valenciana\",\"offset\"],\"articleSection\":[\"Comunicados\",\"ingra\"],\"inLanguage\":\"es\",\"potentialAction\":[{\"@type\":\"CommentAction\",\"name\":\"Comment\",\"target\":[\"https:\\\/\\\/ingra.net\\\/online\\\/marca-de-calidad-grafica\\\/#respond\"]}]},{\"@type\":\"WebPage\",\"@id\":\"https:\\\/\\\/ingra.net\\\/online\\\/marca-de-calidad-grafica\\\/\",\"url\":\"https:\\\/\\\/ingra.net\\\/online\\\/marca-de-calidad-grafica\\\/\",\"name\":\"Marca de Calidad Gr\u00e1fica | Ingra Impresores\",\"isPartOf\":{\"@id\":\"https:\\\/\\\/ingra.net\\\/online\\\/#website\"},\"primaryImageOfPage\":{\"@id\":\"https:\\\/\\\/ingra.net\\\/online\\\/marca-de-calidad-grafica\\\/#primaryimage\"},\"image\":{\"@id\":\"https:\\\/\\\/ingra.net\\\/online\\\/marca-de-calidad-grafica\\\/#primaryimage\"},\"thumbnailUrl\":\"http:\\\/\\\/ingra.net\\\/online\\\/wp-content\\\/uploads\\\/2010\\\/06\\\/Imagen-5.png\",\"datePublished\":\"2011-02-01T14:17:19+00:00\",\"breadcrumb\":{\"@id\":\"https:\\\/\\\/ingra.net\\\/online\\\/marca-de-calidad-grafica\\\/#breadcrumb\"},\"inLanguage\":\"es\",\"potentialAction\":[{\"@type\":\"ReadAction\",\"target\":[\"https:\\\/\\\/ingra.net\\\/online\\\/marca-de-calidad-grafica\\\/\"]}]},{\"@type\":\"ImageObject\",\"inLanguage\":\"es\",\"@id\":\"https:\\\/\\\/ingra.net\\\/online\\\/marca-de-calidad-grafica\\\/#primaryimage\",\"url\":\"https:\\\/\\\/ingra.net\\\/online\\\/wp-content\\\/uploads\\\/2010\\\/06\\\/Imagen-5.png\",\"contentUrl\":\"https:\\\/\\\/ingra.net\\\/online\\\/wp-content\\\/uploads\\\/2010\\\/06\\\/Imagen-5.png\",\"width\":402,\"height\":106},{\"@type\":\"BreadcrumbList\",\"@id\":\"https:\\\/\\\/ingra.net\\\/online\\\/marca-de-calidad-grafica\\\/#breadcrumb\",\"itemListElement\":[{\"@type\":\"ListItem\",\"position\":1,\"name\":\"Portada\",\"item\":\"https:\\\/\\\/ingra.net\\\/online\\\/\"},{\"@type\":\"ListItem\",\"position\":2,\"name\":\"Marca de Calidad Gr\u00e1fica\"}]},{\"@type\":\"WebSite\",\"@id\":\"https:\\\/\\\/ingra.net\\\/online\\\/#website\",\"url\":\"https:\\\/\\\/ingra.net\\\/online\\\/\",\"name\":\"Ingra Impresores\",\"description\":\"Imprenta Offset y digital en Alicante\",\"publisher\":{\"@id\":\"https:\\\/\\\/ingra.net\\\/online\\\/#organization\"},\"alternateName\":\"INGRA\",\"potentialAction\":[{\"@type\":\"SearchAction\",\"target\":{\"@type\":\"EntryPoint\",\"urlTemplate\":\"https:\\\/\\\/ingra.net\\\/online\\\/?s={search_term_string}\"},\"query-input\":{\"@type\":\"PropertyValueSpecification\",\"valueRequired\":true,\"valueName\":\"search_term_string\"}}],\"inLanguage\":\"es\"},{\"@type\":\"Organization\",\"@id\":\"https:\\\/\\\/ingra.net\\\/online\\\/#organization\",\"name\":\"Ingra Impresores\",\"alternateName\":\"Ingra impresores\",\"url\":\"https:\\\/\\\/ingra.net\\\/online\\\/\",\"logo\":{\"@type\":\"ImageObject\",\"inLanguage\":\"es\",\"@id\":\"https:\\\/\\\/ingra.net\\\/online\\\/#\\\/schema\\\/logo\\\/image\\\/\",\"url\":\"https:\\\/\\\/ingra.net\\\/online\\\/wp-content\\\/uploads\\\/2012\\\/11\\\/logo.png\",\"contentUrl\":\"https:\\\/\\\/ingra.net\\\/online\\\/wp-content\\\/uploads\\\/2012\\\/11\\\/logo.png\",\"width\":360,\"height\":105,\"caption\":\"Ingra Impresores\"},\"image\":{\"@id\":\"https:\\\/\\\/ingra.net\\\/online\\\/#\\\/schema\\\/logo\\\/image\\\/\"},\"sameAs\":[\"https:\\\/\\\/www.facebook.com\\\/INGRAIMPRESORES\",\"https:\\\/\\\/x.com\\\/IngraImpresores\",\"https:\\\/\\\/www.instagram.com\\\/ingraimpresoresalicante\\\/\"]},{\"@type\":\"Person\",\"@id\":\"https:\\\/\\\/ingra.net\\\/online\\\/#\\\/schema\\\/person\\\/b0aa22185c5cc21a074904b5d6618a93\",\"name\":\"marketing\",\"image\":{\"@type\":\"ImageObject\",\"inLanguage\":\"es\",\"@id\":\"https:\\\/\\\/secure.gravatar.com\\\/avatar\\\/404d02c0b1dc05b717a481cb9d9fa33d8a40b9c6ce9fcaf992f623f29d653695?s=96&d=mm&r=g\",\"url\":\"https:\\\/\\\/secure.gravatar.com\\\/avatar\\\/404d02c0b1dc05b717a481cb9d9fa33d8a40b9c6ce9fcaf992f623f29d653695?s=96&d=mm&r=g\",\"contentUrl\":\"https:\\\/\\\/secure.gravatar.com\\\/avatar\\\/404d02c0b1dc05b717a481cb9d9fa33d8a40b9c6ce9fcaf992f623f29d653695?s=96&d=mm&r=g\",\"caption\":\"marketing\"},\"url\":\"https:\\\/\\\/ingra.net\\\/online\\\/author\\\/marketing\\\/\"}]}<\/script>\n<!-- \/ Yoast SEO plugin. -->","yoast_head_json":{"title":"Marca de Calidad Gr\u00e1fica | Ingra Impresores","robots":{"index":"index","follow":"follow","max-snippet":"max-snippet:-1","max-image-preview":"max-image-preview:large","max-video-preview":"max-video-preview:-1"},"canonical":"https:\/\/ingra.net\/online\/marca-de-calidad-grafica\/","og_locale":"es_ES","og_type":"article","og_title":"Marca de Calidad Gr\u00e1fica | Ingra Impresores","og_description":"VOLVEMOS Y CON ENERG\u00cdAS RENOVADAS: Dentro de nuestro constante esfuerzo y preocupaci\u00f3n por ofrecer un mejor servicio a nuestros clientes y posicionarnos por encima de nuestra competencia, Ingra ha obtenido la marca de Calidad Gr\u00e1fica para offset.","og_url":"https:\/\/ingra.net\/online\/marca-de-calidad-grafica\/","og_site_name":"Ingra Impresores","article_publisher":"https:\/\/www.facebook.com\/INGRAIMPRESORES","article_published_time":"2011-02-01T14:17:19+00:00","og_image":[{"url":"http:\/\/ingra.net\/online\/wp-content\/uploads\/2010\/06\/Imagen-5.png","type":"","width":"","height":""}],"author":"marketing","twitter_card":"summary_large_image","twitter_creator":"@IngraImpresores","twitter_site":"@IngraImpresores","twitter_misc":{"Escrito por":"marketing","Tiempo de lectura":"1 minuto"},"schema":{"@context":"https:\/\/schema.org","@graph":[{"@type":"Article","@id":"https:\/\/ingra.net\/online\/marca-de-calidad-grafica\/#article","isPartOf":{"@id":"https:\/\/ingra.net\/online\/marca-de-calidad-grafica\/"},"author":{"name":"marketing","@id":"https:\/\/ingra.net\/online\/#\/schema\/person\/b0aa22185c5cc21a074904b5d6618a93"},"headline":"Marca de Calidad Gr\u00e1fica","datePublished":"2011-02-01T14:17:19+00:00","mainEntityOfPage":{"@id":"https:\/\/ingra.net\/online\/marca-de-calidad-grafica\/"},"wordCount":125,"commentCount":0,"publisher":{"@id":"https:\/\/ingra.net\/online\/#organization"},"image":{"@id":"https:\/\/ingra.net\/online\/marca-de-calidad-grafica\/#primaryimage"},"thumbnailUrl":"http:\/\/ingra.net\/online\/wp-content\/uploads\/2010\/06\/Imagen-5.png","keywords":["calidad gr\u00e1fica","Cluster","Comunidad Valenciana","offset"],"articleSection":["Comunicados","ingra"],"inLanguage":"es","potentialAction":[{"@type":"CommentAction","name":"Comment","target":["https:\/\/ingra.net\/online\/marca-de-calidad-grafica\/#respond"]}]},{"@type":"WebPage","@id":"https:\/\/ingra.net\/online\/marca-de-calidad-grafica\/","url":"https:\/\/ingra.net\/online\/marca-de-calidad-grafica\/","name":"Marca de Calidad Gr\u00e1fica | Ingra Impresores","isPartOf":{"@id":"https:\/\/ingra.net\/online\/#website"},"primaryImageOfPage":{"@id":"https:\/\/ingra.net\/online\/marca-de-calidad-grafica\/#primaryimage"},"image":{"@id":"https:\/\/ingra.net\/online\/marca-de-calidad-grafica\/#primaryimage"},"thumbnailUrl":"http:\/\/ingra.net\/online\/wp-content\/uploads\/2010\/06\/Imagen-5.png","datePublished":"2011-02-01T14:17:19+00:00","breadcrumb":{"@id":"https:\/\/ingra.net\/online\/marca-de-calidad-grafica\/#breadcrumb"},"inLanguage":"es","potentialAction":[{"@type":"ReadAction","target":["https:\/\/ingra.net\/online\/marca-de-calidad-grafica\/"]}]},{"@type":"ImageObject","inLanguage":"es","@id":"https:\/\/ingra.net\/online\/marca-de-calidad-grafica\/#primaryimage","url":"https:\/\/ingra.net\/online\/wp-content\/uploads\/2010\/06\/Imagen-5.png","contentUrl":"https:\/\/ingra.net\/online\/wp-content\/uploads\/2010\/06\/Imagen-5.png","width":402,"height":106},{"@type":"BreadcrumbList","@id":"https:\/\/ingra.net\/online\/marca-de-calidad-grafica\/#breadcrumb","itemListElement":[{"@type":"ListItem","position":1,"name":"Portada","item":"https:\/\/ingra.net\/online\/"},{"@type":"ListItem","position":2,"name":"Marca de Calidad Gr\u00e1fica"}]},{"@type":"WebSite","@id":"https:\/\/ingra.net\/online\/#website","url":"https:\/\/ingra.net\/online\/","name":"Ingra Impresores","description":"Imprenta Offset y digital en Alicante","publisher":{"@id":"https:\/\/ingra.net\/online\/#organization"},"alternateName":"INGRA","potentialAction":[{"@type":"SearchAction","target":{"@type":"EntryPoint","urlTemplate":"https:\/\/ingra.net\/online\/?s={search_term_string}"},"query-input":{"@type":"PropertyValueSpecification","valueRequired":true,"valueName":"search_term_string"}}],"inLanguage":"es"},{"@type":"Organization","@id":"https:\/\/ingra.net\/online\/#organization","name":"Ingra Impresores","alternateName":"Ingra impresores","url":"https:\/\/ingra.net\/online\/","logo":{"@type":"ImageObject","inLanguage":"es","@id":"https:\/\/ingra.net\/online\/#\/schema\/logo\/image\/","url":"https:\/\/ingra.net\/online\/wp-content\/uploads\/2012\/11\/logo.png","contentUrl":"https:\/\/ingra.net\/online\/wp-content\/uploads\/2012\/11\/logo.png","width":360,"height":105,"caption":"Ingra Impresores"},"image":{"@id":"https:\/\/ingra.net\/online\/#\/schema\/logo\/image\/"},"sameAs":["https:\/\/www.facebook.com\/INGRAIMPRESORES","https:\/\/x.com\/IngraImpresores","https:\/\/www.instagram.com\/ingraimpresoresalicante\/"]},{"@type":"Person","@id":"https:\/\/ingra.net\/online\/#\/schema\/person\/b0aa22185c5cc21a074904b5d6618a93","name":"marketing","image":{"@type":"ImageObject","inLanguage":"es","@id":"https:\/\/secure.gravatar.com\/avatar\/404d02c0b1dc05b717a481cb9d9fa33d8a40b9c6ce9fcaf992f623f29d653695?s=96&d=mm&r=g","url":"https:\/\/secure.gravatar.com\/avatar\/404d02c0b1dc05b717a481cb9d9fa33d8a40b9c6ce9fcaf992f623f29d653695?s=96&d=mm&r=g","contentUrl":"https:\/\/secure.gravatar.com\/avatar\/404d02c0b1dc05b717a481cb9d9fa33d8a40b9c6ce9fcaf992f623f29d653695?s=96&d=mm&r=g","caption":"marketing"},"url":"https:\/\/ingra.net\/online\/author\/marketing\/"}]}},"_links":{"self":[{"href":"https:\/\/ingra.net\/online\/wp-json\/wp\/v2\/posts\/261","targetHints":{"allow":["GET"]}}],"collection":[{"href":"https:\/\/ingra.net\/online\/wp-json\/wp\/v2\/posts"}],"about":[{"href":"https:\/\/ingra.net\/online\/wp-json\/wp\/v2\/types\/post"}],"author":[{"embeddable":true,"href":"https:\/\/ingra.net\/online\/wp-json\/wp\/v2\/users\/2"}],"replies":[{"embeddable":true,"href":"https:\/\/ingra.net\/online\/wp-json\/wp\/v2\/comments?post=261"}],"version-history":[{"count":0,"href":"https:\/\/ingra.net\/online\/wp-json\/wp\/v2\/posts\/261\/revisions"}],"wp:attachment":[{"href":"https:\/\/ingra.net\/online\/wp-json\/wp\/v2\/media?parent=261"}],"wp:term":[{"taxonomy":"category","embeddable":true,"href":"https:\/\/ingra.net\/online\/wp-json\/wp\/v2\/categories?post=261"},{"taxonomy":"post_tag","embeddable":true,"href":"https:\/\/ingra.net\/online\/wp-json\/wp\/v2\/tags?post=261"}],"curies":[{"name":"wp","href":"https:\/\/api.w.org\/{rel}","templated":true}]}}