{"id":2316,"date":"2018-12-12T23:19:52","date_gmt":"2018-12-12T23:19:52","guid":{"rendered":"http:\/\/ingra.net\/online\/?p=2316"},"modified":"2018-12-12T23:19:52","modified_gmt":"2018-12-12T23:19:52","slug":"ya-tenemos-nuestro-calendario-2019","status":"publish","type":"post","link":"https:\/\/ingra.net\/online\/ya-tenemos-nuestro-calendario-2019\/","title":{"rendered":"Ya tenemos nuestro calendario 2019"},"content":{"rendered":"<p>Ya tenemos nuestro calendario de sobremesa para el a\u00f1o 2019, es una tradici\u00f3n anual por supuesto, Ingra Impresores edita todos los a\u00f1os un calendario para nuestros clientes, colaboradores y amigos, y el del a\u00f1o 2019 es algo especial. Ingra Impresores celebra durante el 2019 su 30 aniversario.<\/p>\n<p>Y el primer elemento para celebrar este aniversario tan marcado, es un calendario de sobremesa realizado con un cat\u00e1logo de papeles premium especiales, en el que podr\u00e9is apreciar la calidad de impresi\u00f3n y la calidad de los papeles utilizados cada mes. Esperamos que disfrut\u00e9is de nuestro calendario durante todo el a\u00f1o, ya pod\u00e9is solicitarlo a nuestro departamento comercial a trav\u00e9s del correo <a href=\"mailto:info@ingra.net\">info@ingra.net<\/a>, concertando una visita con nuestros asesores.<\/p>\n<p>El a\u00f1o 2019 ser\u00e1 un a\u00f1o repleto de sorpresas y celebraci\u00f3n de nuestro 30 aniversario. Os mantendremos informados.<\/p>\n","protected":false},"excerpt":{"rendered":"<p>Ya tenemos nuestro calendario de sobremesa para el a\u00f1o 2019, es una tradici\u00f3n anual por supuesto, Ingra Impresores edita todos<\/p>\n","protected":false},"author":2,"featured_media":2317,"comment_status":"open","ping_status":"open","sticky":false,"template":"","format":"standard","meta":{"_monsterinsights_skip_tracking":false,"_monsterinsights_sitenote_active":false,"_monsterinsights_sitenote_note":"","_monsterinsights_sitenote_category":0,"footnotes":""},"categories":[17],"tags":[37,53,419],"class_list":["post-2316","post","type-post","status-publish","format-standard","has-post-thumbnail","hentry","category-comunicados","tag-aniversario","tag-calendario","tag-ingra"],"yoast_head":"<!-- This site is optimized with the Yoast SEO plugin v27.4 - https:\/\/yoast.com\/product\/yoast-seo-wordpress\/ -->\n<title>Ya tenemos nuestro calendario 2019 | Ingra Impresores<\/title>\n<meta name=\"robots\" content=\"index, follow, max-snippet:-1, max-image-preview:large, max-video-preview:-1\" \/>\n<link rel=\"canonical\" href=\"https:\/\/ingra.net\/online\/ya-tenemos-nuestro-calendario-2019\/\" \/>\n<meta property=\"og:locale\" content=\"es_ES\" \/>\n<meta property=\"og:type\" content=\"article\" \/>\n<meta property=\"og:title\" content=\"Ya tenemos nuestro calendario 2019 | Ingra Impresores\" \/>\n<meta property=\"og:description\" content=\"Ya tenemos nuestro calendario de sobremesa para el a\u00f1o 2019, es una tradici\u00f3n anual por supuesto, Ingra Impresores edita todos\" \/>\n<meta property=\"og:url\" content=\"https:\/\/ingra.net\/online\/ya-tenemos-nuestro-calendario-2019\/\" \/>\n<meta property=\"og:site_name\" content=\"Ingra Impresores\" \/>\n<meta property=\"article:publisher\" content=\"https:\/\/www.facebook.com\/INGRAIMPRESORES\" \/>\n<meta property=\"article:published_time\" content=\"2018-12-12T23:19:52+00:00\" \/>\n<meta property=\"og:image\" content=\"https:\/\/ingra.net\/online\/wp-content\/uploads\/2018\/12\/IMG_7472.jpg\" \/>\n\t<meta property=\"og:image:width\" content=\"2016\" \/>\n\t<meta property=\"og:image:height\" content=\"1512\" \/>\n\t<meta property=\"og:image:type\" content=\"image\/jpeg\" \/>\n<meta name=\"author\" content=\"marketing\" \/>\n<meta name=\"twitter:card\" content=\"summary_large_image\" \/>\n<meta name=\"twitter:creator\" content=\"@IngraImpresores\" \/>\n<meta name=\"twitter:site\" content=\"@IngraImpresores\" \/>\n<meta name=\"twitter:label1\" content=\"Escrito por\" \/>\n\t<meta name=\"twitter:data1\" content=\"marketing\" \/>\n\t<meta name=\"twitter:label2\" content=\"Tiempo de lectura\" \/>\n\t<meta name=\"twitter:data2\" content=\"1 minuto\" \/>\n<script type=\"application\/ld+json\" class=\"yoast-schema-graph\">{\"@context\":\"https:\\\/\\\/schema.org\",\"@graph\":[{\"@type\":\"Article\",\"@id\":\"https:\\\/\\\/ingra.net\\\/online\\\/ya-tenemos-nuestro-calendario-2019\\\/#article\",\"isPartOf\":{\"@id\":\"https:\\\/\\\/ingra.net\\\/online\\\/ya-tenemos-nuestro-calendario-2019\\\/\"},\"author\":{\"name\":\"marketing\",\"@id\":\"https:\\\/\\\/ingra.net\\\/online\\\/#\\\/schema\\\/person\\\/b0aa22185c5cc21a074904b5d6618a93\"},\"headline\":\"Ya tenemos nuestro calendario 2019\",\"datePublished\":\"2018-12-12T23:19:52+00:00\",\"mainEntityOfPage\":{\"@id\":\"https:\\\/\\\/ingra.net\\\/online\\\/ya-tenemos-nuestro-calendario-2019\\\/\"},\"wordCount\":148,\"commentCount\":0,\"publisher\":{\"@id\":\"https:\\\/\\\/ingra.net\\\/online\\\/#organization\"},\"image\":{\"@id\":\"https:\\\/\\\/ingra.net\\\/online\\\/ya-tenemos-nuestro-calendario-2019\\\/#primaryimage\"},\"thumbnailUrl\":\"https:\\\/\\\/ingra.net\\\/online\\\/wp-content\\\/uploads\\\/2018\\\/12\\\/IMG_7472.jpg\",\"keywords\":[\"aniversario\",\"calendario\",\"ingra\"],\"articleSection\":[\"Comunicados\"],\"inLanguage\":\"es\",\"potentialAction\":[{\"@type\":\"CommentAction\",\"name\":\"Comment\",\"target\":[\"https:\\\/\\\/ingra.net\\\/online\\\/ya-tenemos-nuestro-calendario-2019\\\/#respond\"]}]},{\"@type\":\"WebPage\",\"@id\":\"https:\\\/\\\/ingra.net\\\/online\\\/ya-tenemos-nuestro-calendario-2019\\\/\",\"url\":\"https:\\\/\\\/ingra.net\\\/online\\\/ya-tenemos-nuestro-calendario-2019\\\/\",\"name\":\"Ya tenemos nuestro calendario 2019 | Ingra Impresores\",\"isPartOf\":{\"@id\":\"https:\\\/\\\/ingra.net\\\/online\\\/#website\"},\"primaryImageOfPage\":{\"@id\":\"https:\\\/\\\/ingra.net\\\/online\\\/ya-tenemos-nuestro-calendario-2019\\\/#primaryimage\"},\"image\":{\"@id\":\"https:\\\/\\\/ingra.net\\\/online\\\/ya-tenemos-nuestro-calendario-2019\\\/#primaryimage\"},\"thumbnailUrl\":\"https:\\\/\\\/ingra.net\\\/online\\\/wp-content\\\/uploads\\\/2018\\\/12\\\/IMG_7472.jpg\",\"datePublished\":\"2018-12-12T23:19:52+00:00\",\"breadcrumb\":{\"@id\":\"https:\\\/\\\/ingra.net\\\/online\\\/ya-tenemos-nuestro-calendario-2019\\\/#breadcrumb\"},\"inLanguage\":\"es\",\"potentialAction\":[{\"@type\":\"ReadAction\",\"target\":[\"https:\\\/\\\/ingra.net\\\/online\\\/ya-tenemos-nuestro-calendario-2019\\\/\"]}]},{\"@type\":\"ImageObject\",\"inLanguage\":\"es\",\"@id\":\"https:\\\/\\\/ingra.net\\\/online\\\/ya-tenemos-nuestro-calendario-2019\\\/#primaryimage\",\"url\":\"https:\\\/\\\/ingra.net\\\/online\\\/wp-content\\\/uploads\\\/2018\\\/12\\\/IMG_7472.jpg\",\"contentUrl\":\"https:\\\/\\\/ingra.net\\\/online\\\/wp-content\\\/uploads\\\/2018\\\/12\\\/IMG_7472.jpg\",\"width\":2016,\"height\":1512,\"caption\":\"calendario ingra impresores 2019\"},{\"@type\":\"BreadcrumbList\",\"@id\":\"https:\\\/\\\/ingra.net\\\/online\\\/ya-tenemos-nuestro-calendario-2019\\\/#breadcrumb\",\"itemListElement\":[{\"@type\":\"ListItem\",\"position\":1,\"name\":\"Portada\",\"item\":\"https:\\\/\\\/ingra.net\\\/online\\\/\"},{\"@type\":\"ListItem\",\"position\":2,\"name\":\"Ya tenemos nuestro calendario 2019\"}]},{\"@type\":\"WebSite\",\"@id\":\"https:\\\/\\\/ingra.net\\\/online\\\/#website\",\"url\":\"https:\\\/\\\/ingra.net\\\/online\\\/\",\"name\":\"Ingra Impresores\",\"description\":\"Imprenta Offset y digital en Alicante\",\"publisher\":{\"@id\":\"https:\\\/\\\/ingra.net\\\/online\\\/#organization\"},\"alternateName\":\"INGRA\",\"potentialAction\":[{\"@type\":\"SearchAction\",\"target\":{\"@type\":\"EntryPoint\",\"urlTemplate\":\"https:\\\/\\\/ingra.net\\\/online\\\/?s={search_term_string}\"},\"query-input\":{\"@type\":\"PropertyValueSpecification\",\"valueRequired\":true,\"valueName\":\"search_term_string\"}}],\"inLanguage\":\"es\"},{\"@type\":\"Organization\",\"@id\":\"https:\\\/\\\/ingra.net\\\/online\\\/#organization\",\"name\":\"Ingra Impresores\",\"alternateName\":\"Ingra impresores\",\"url\":\"https:\\\/\\\/ingra.net\\\/online\\\/\",\"logo\":{\"@type\":\"ImageObject\",\"inLanguage\":\"es\",\"@id\":\"https:\\\/\\\/ingra.net\\\/online\\\/#\\\/schema\\\/logo\\\/image\\\/\",\"url\":\"https:\\\/\\\/ingra.net\\\/online\\\/wp-content\\\/uploads\\\/2012\\\/11\\\/logo.png\",\"contentUrl\":\"https:\\\/\\\/ingra.net\\\/online\\\/wp-content\\\/uploads\\\/2012\\\/11\\\/logo.png\",\"width\":360,\"height\":105,\"caption\":\"Ingra Impresores\"},\"image\":{\"@id\":\"https:\\\/\\\/ingra.net\\\/online\\\/#\\\/schema\\\/logo\\\/image\\\/\"},\"sameAs\":[\"https:\\\/\\\/www.facebook.com\\\/INGRAIMPRESORES\",\"https:\\\/\\\/x.com\\\/IngraImpresores\",\"https:\\\/\\\/www.instagram.com\\\/ingraimpresoresalicante\\\/\"]},{\"@type\":\"Person\",\"@id\":\"https:\\\/\\\/ingra.net\\\/online\\\/#\\\/schema\\\/person\\\/b0aa22185c5cc21a074904b5d6618a93\",\"name\":\"marketing\",\"image\":{\"@type\":\"ImageObject\",\"inLanguage\":\"es\",\"@id\":\"https:\\\/\\\/secure.gravatar.com\\\/avatar\\\/404d02c0b1dc05b717a481cb9d9fa33d8a40b9c6ce9fcaf992f623f29d653695?s=96&d=mm&r=g\",\"url\":\"https:\\\/\\\/secure.gravatar.com\\\/avatar\\\/404d02c0b1dc05b717a481cb9d9fa33d8a40b9c6ce9fcaf992f623f29d653695?s=96&d=mm&r=g\",\"contentUrl\":\"https:\\\/\\\/secure.gravatar.com\\\/avatar\\\/404d02c0b1dc05b717a481cb9d9fa33d8a40b9c6ce9fcaf992f623f29d653695?s=96&d=mm&r=g\",\"caption\":\"marketing\"},\"url\":\"https:\\\/\\\/ingra.net\\\/online\\\/author\\\/marketing\\\/\"}]}<\/script>\n<!-- \/ Yoast SEO plugin. -->","yoast_head_json":{"title":"Ya tenemos nuestro calendario 2019 | Ingra Impresores","robots":{"index":"index","follow":"follow","max-snippet":"max-snippet:-1","max-image-preview":"max-image-preview:large","max-video-preview":"max-video-preview:-1"},"canonical":"https:\/\/ingra.net\/online\/ya-tenemos-nuestro-calendario-2019\/","og_locale":"es_ES","og_type":"article","og_title":"Ya tenemos nuestro calendario 2019 | Ingra Impresores","og_description":"Ya tenemos nuestro calendario de sobremesa para el a\u00f1o 2019, es una tradici\u00f3n anual por supuesto, Ingra Impresores edita todos","og_url":"https:\/\/ingra.net\/online\/ya-tenemos-nuestro-calendario-2019\/","og_site_name":"Ingra Impresores","article_publisher":"https:\/\/www.facebook.com\/INGRAIMPRESORES","article_published_time":"2018-12-12T23:19:52+00:00","og_image":[{"width":2016,"height":1512,"url":"https:\/\/ingra.net\/online\/wp-content\/uploads\/2018\/12\/IMG_7472.jpg","type":"image\/jpeg"}],"author":"marketing","twitter_card":"summary_large_image","twitter_creator":"@IngraImpresores","twitter_site":"@IngraImpresores","twitter_misc":{"Escrito por":"marketing","Tiempo de lectura":"1 minuto"},"schema":{"@context":"https:\/\/schema.org","@graph":[{"@type":"Article","@id":"https:\/\/ingra.net\/online\/ya-tenemos-nuestro-calendario-2019\/#article","isPartOf":{"@id":"https:\/\/ingra.net\/online\/ya-tenemos-nuestro-calendario-2019\/"},"author":{"name":"marketing","@id":"https:\/\/ingra.net\/online\/#\/schema\/person\/b0aa22185c5cc21a074904b5d6618a93"},"headline":"Ya tenemos nuestro calendario 2019","datePublished":"2018-12-12T23:19:52+00:00","mainEntityOfPage":{"@id":"https:\/\/ingra.net\/online\/ya-tenemos-nuestro-calendario-2019\/"},"wordCount":148,"commentCount":0,"publisher":{"@id":"https:\/\/ingra.net\/online\/#organization"},"image":{"@id":"https:\/\/ingra.net\/online\/ya-tenemos-nuestro-calendario-2019\/#primaryimage"},"thumbnailUrl":"https:\/\/ingra.net\/online\/wp-content\/uploads\/2018\/12\/IMG_7472.jpg","keywords":["aniversario","calendario","ingra"],"articleSection":["Comunicados"],"inLanguage":"es","potentialAction":[{"@type":"CommentAction","name":"Comment","target":["https:\/\/ingra.net\/online\/ya-tenemos-nuestro-calendario-2019\/#respond"]}]},{"@type":"WebPage","@id":"https:\/\/ingra.net\/online\/ya-tenemos-nuestro-calendario-2019\/","url":"https:\/\/ingra.net\/online\/ya-tenemos-nuestro-calendario-2019\/","name":"Ya tenemos nuestro calendario 2019 | Ingra Impresores","isPartOf":{"@id":"https:\/\/ingra.net\/online\/#website"},"primaryImageOfPage":{"@id":"https:\/\/ingra.net\/online\/ya-tenemos-nuestro-calendario-2019\/#primaryimage"},"image":{"@id":"https:\/\/ingra.net\/online\/ya-tenemos-nuestro-calendario-2019\/#primaryimage"},"thumbnailUrl":"https:\/\/ingra.net\/online\/wp-content\/uploads\/2018\/12\/IMG_7472.jpg","datePublished":"2018-12-12T23:19:52+00:00","breadcrumb":{"@id":"https:\/\/ingra.net\/online\/ya-tenemos-nuestro-calendario-2019\/#breadcrumb"},"inLanguage":"es","potentialAction":[{"@type":"ReadAction","target":["https:\/\/ingra.net\/online\/ya-tenemos-nuestro-calendario-2019\/"]}]},{"@type":"ImageObject","inLanguage":"es","@id":"https:\/\/ingra.net\/online\/ya-tenemos-nuestro-calendario-2019\/#primaryimage","url":"https:\/\/ingra.net\/online\/wp-content\/uploads\/2018\/12\/IMG_7472.jpg","contentUrl":"https:\/\/ingra.net\/online\/wp-content\/uploads\/2018\/12\/IMG_7472.jpg","width":2016,"height":1512,"caption":"calendario ingra impresores 2019"},{"@type":"BreadcrumbList","@id":"https:\/\/ingra.net\/online\/ya-tenemos-nuestro-calendario-2019\/#breadcrumb","itemListElement":[{"@type":"ListItem","position":1,"name":"Portada","item":"https:\/\/ingra.net\/online\/"},{"@type":"ListItem","position":2,"name":"Ya tenemos nuestro calendario 2019"}]},{"@type":"WebSite","@id":"https:\/\/ingra.net\/online\/#website","url":"https:\/\/ingra.net\/online\/","name":"Ingra Impresores","description":"Imprenta Offset y digital en Alicante","publisher":{"@id":"https:\/\/ingra.net\/online\/#organization"},"alternateName":"INGRA","potentialAction":[{"@type":"SearchAction","target":{"@type":"EntryPoint","urlTemplate":"https:\/\/ingra.net\/online\/?s={search_term_string}"},"query-input":{"@type":"PropertyValueSpecification","valueRequired":true,"valueName":"search_term_string"}}],"inLanguage":"es"},{"@type":"Organization","@id":"https:\/\/ingra.net\/online\/#organization","name":"Ingra Impresores","alternateName":"Ingra impresores","url":"https:\/\/ingra.net\/online\/","logo":{"@type":"ImageObject","inLanguage":"es","@id":"https:\/\/ingra.net\/online\/#\/schema\/logo\/image\/","url":"https:\/\/ingra.net\/online\/wp-content\/uploads\/2012\/11\/logo.png","contentUrl":"https:\/\/ingra.net\/online\/wp-content\/uploads\/2012\/11\/logo.png","width":360,"height":105,"caption":"Ingra Impresores"},"image":{"@id":"https:\/\/ingra.net\/online\/#\/schema\/logo\/image\/"},"sameAs":["https:\/\/www.facebook.com\/INGRAIMPRESORES","https:\/\/x.com\/IngraImpresores","https:\/\/www.instagram.com\/ingraimpresoresalicante\/"]},{"@type":"Person","@id":"https:\/\/ingra.net\/online\/#\/schema\/person\/b0aa22185c5cc21a074904b5d6618a93","name":"marketing","image":{"@type":"ImageObject","inLanguage":"es","@id":"https:\/\/secure.gravatar.com\/avatar\/404d02c0b1dc05b717a481cb9d9fa33d8a40b9c6ce9fcaf992f623f29d653695?s=96&d=mm&r=g","url":"https:\/\/secure.gravatar.com\/avatar\/404d02c0b1dc05b717a481cb9d9fa33d8a40b9c6ce9fcaf992f623f29d653695?s=96&d=mm&r=g","contentUrl":"https:\/\/secure.gravatar.com\/avatar\/404d02c0b1dc05b717a481cb9d9fa33d8a40b9c6ce9fcaf992f623f29d653695?s=96&d=mm&r=g","caption":"marketing"},"url":"https:\/\/ingra.net\/online\/author\/marketing\/"}]}},"_links":{"self":[{"href":"https:\/\/ingra.net\/online\/wp-json\/wp\/v2\/posts\/2316","targetHints":{"allow":["GET"]}}],"collection":[{"href":"https:\/\/ingra.net\/online\/wp-json\/wp\/v2\/posts"}],"about":[{"href":"https:\/\/ingra.net\/online\/wp-json\/wp\/v2\/types\/post"}],"author":[{"embeddable":true,"href":"https:\/\/ingra.net\/online\/wp-json\/wp\/v2\/users\/2"}],"replies":[{"embeddable":true,"href":"https:\/\/ingra.net\/online\/wp-json\/wp\/v2\/comments?post=2316"}],"version-history":[{"count":0,"href":"https:\/\/ingra.net\/online\/wp-json\/wp\/v2\/posts\/2316\/revisions"}],"wp:featuredmedia":[{"embeddable":true,"href":"https:\/\/ingra.net\/online\/wp-json\/wp\/v2\/media\/2317"}],"wp:attachment":[{"href":"https:\/\/ingra.net\/online\/wp-json\/wp\/v2\/media?parent=2316"}],"wp:term":[{"taxonomy":"category","embeddable":true,"href":"https:\/\/ingra.net\/online\/wp-json\/wp\/v2\/categories?post=2316"},{"taxonomy":"post_tag","embeddable":true,"href":"https:\/\/ingra.net\/online\/wp-json\/wp\/v2\/tags?post=2316"}],"curies":[{"name":"wp","href":"https:\/\/api.w.org\/{rel}","templated":true}]}}