{"id":226,"date":"2010-04-10T10:16:43","date_gmt":"2010-04-10T08:16:43","guid":{"rendered":"http:\/\/www.imprimimosvida.com\/?p=226"},"modified":"2010-04-10T10:16:43","modified_gmt":"2010-04-10T08:16:43","slug":"romeria-de-la-santa-faz-alicante","status":"publish","type":"post","link":"https:\/\/ingra.net\/online\/romeria-de-la-santa-faz-alicante\/","title":{"rendered":"Romer\u00eda de la Santa Faz &#8211; Alicante"},"content":{"rendered":"<h2>Nos vamos de romer\u00eda&#8230;<\/h2>\n<p><a title=\"La Santa Faz\" href=\"http:\/\/es.wikipedia.org\/wiki\/Monasterio_de_la_Santa_Faz_(Alicante)\" target=\"_blank\">Wikipedia<\/a>: El origen de la tradici\u00f3n se remonta al\u00a0<a style=\"text-decoration: none; color: #002bb8; background-image: none; background-repeat: initial; background-attachment: initial; -webkit-background-clip: initial; -webkit-background-origin: initial; background-color: initial; background-position: initial initial;\" title=\"Siglo XV\" href=\"http:\/\/es.wikipedia.org\/wiki\/Siglo_XV\">siglo XV<\/a> cuando el cura de\u00a0<a style=\"text-decoration: none; color: #002bb8; background-image: none; background-repeat: initial; background-attachment: initial; -webkit-background-clip: initial; -webkit-background-origin: initial; background-color: initial; background-position: initial initial;\" title=\"San Juan de Alicante\" href=\"http:\/\/es.wikipedia.org\/wiki\/San_Juan_de_Alicante\">San Juan de Alicante<\/a> <a style=\"text-decoration: none; color: #002bb8; background-image: none; background-repeat: initial; background-attachment: initial; -webkit-background-clip: initial; -webkit-background-origin: initial; background-color: initial; background-position: initial initial;\" title=\"Mos\u00e9n Pedro Mena\" href=\"http:\/\/es.wikipedia.org\/wiki\/Mos%C3%A9n_Pedro_Mena\">Mos\u00e9n Pedro Mena<\/a> viaja a\u00a0<a style=\"text-decoration: none; color: #002bb8; background-image: none; background-repeat: initial; background-attachment: initial; -webkit-background-clip: initial; -webkit-background-origin: initial; background-color: initial; background-position: initial initial;\" title=\"Roma\" href=\"http:\/\/es.wikipedia.org\/wiki\/Roma\">Roma<\/a> y se le obsequia con un venerado lienzo de la faz de Cristo que hab\u00eda salvado a\u00a0<a style=\"text-decoration: none; color: #002bb8; background-image: none; background-repeat: initial; background-attachment: initial; -webkit-background-clip: initial; -webkit-background-origin: initial; background-color: initial; background-position: initial initial;\" title=\"Venecia\" href=\"http:\/\/es.wikipedia.org\/wiki\/Venecia\">Venecia<\/a> de la\u00a0<a style=\"text-decoration: none; color: #002bb8; background-image: none; background-repeat: initial; background-attachment: initial; -webkit-background-clip: initial; -webkit-background-origin: initial; background-color: initial; background-position: initial initial;\" title=\"Peste\" href=\"http:\/\/es.wikipedia.org\/wiki\/Peste\">peste<\/a>. El sacerdote trae el lienzo a San Juan y lo deposita en el fondo de un arc\u00f3n. Pese a colocarlo en el fondo, el lienzo siempre aparece en la parte superior y es por eso por lo que decide sacar el lienzo en rogativa un 17 de marzo de 1489 para pedir la lluvia . Al llegar al Barranco de\u00a0<a style=\"text-decoration: none; color: #cc2200; background-image: none; background-repeat: initial; background-attachment: initial; -webkit-background-clip: initial; -webkit-background-origin: initial; background-color: initial; background-position: initial initial;\" title=\"Lloixa (a\u00fan no redactado)\" href=\"http:\/\/es.wikipedia.org\/w\/index.php?title=Lloixa&amp;action=edit&amp;redlink=1\">Lloixa<\/a> el Padre Villafranca no puede sostener el lienzo y observa como brota una l\u00e1grima del mismo.<\/p>\n<p>Este es el origen de la Romer\u00eda de Santa Faz, fiesta local en la ciudad de Alicante, nos encontramos all\u00ed los d\u00edas 15 y 16 de Abril, si tienes alguna urgencia llamanos al tel\u00e9fono: 965107649. Volvemos el lunes 19 de abril.<\/p>\n","protected":false},"excerpt":{"rendered":"<p>Nos vamos de Romer\u00eda.<br \/>\nFiesta local en la ciudad de Alicante, nos encontramos all\u00ed los d\u00edas 15 y 16 de Abril, si tienes alguna urgencia llamanos al tel\u00e9fono: 965107649. Volvemos el lunes 19 de abril.<\/p>\n","protected":false},"author":2,"featured_media":0,"comment_status":"open","ping_status":"open","sticky":false,"template":"","format":"aside","meta":{"_monsterinsights_skip_tracking":false,"_monsterinsights_sitenote_active":false,"_monsterinsights_sitenote_note":"","_monsterinsights_sitenote_category":0,"footnotes":""},"categories":[17],"tags":[25,34,233,238],"class_list":["post-226","post","type-post","status-publish","format-aside","hentry","category-comunicados","tag-abril","tag-alicante","tag-romeria","tag-santa-faz","post_format-post-format-aside"],"yoast_head":"<!-- This site is optimized with the Yoast SEO plugin v27.4 - https:\/\/yoast.com\/product\/yoast-seo-wordpress\/ -->\n<title>Romer\u00eda de la Santa Faz - Alicante | Ingra Impresores<\/title>\n<meta name=\"robots\" content=\"index, follow, max-snippet:-1, max-image-preview:large, max-video-preview:-1\" \/>\n<link rel=\"canonical\" href=\"https:\/\/ingra.net\/online\/romeria-de-la-santa-faz-alicante\/\" \/>\n<meta property=\"og:locale\" content=\"es_ES\" \/>\n<meta property=\"og:type\" content=\"article\" \/>\n<meta property=\"og:title\" content=\"Romer\u00eda de la Santa Faz - Alicante | Ingra Impresores\" \/>\n<meta property=\"og:description\" content=\"Nos vamos de Romer\u00eda. Fiesta local en la ciudad de Alicante, nos encontramos all\u00ed los d\u00edas 15 y 16 de Abril, si tienes alguna urgencia llamanos al tel\u00e9fono: 965107649. Volvemos el lunes 19 de abril.\" \/>\n<meta property=\"og:url\" content=\"https:\/\/ingra.net\/online\/romeria-de-la-santa-faz-alicante\/\" \/>\n<meta property=\"og:site_name\" content=\"Ingra Impresores\" \/>\n<meta property=\"article:publisher\" content=\"https:\/\/www.facebook.com\/INGRAIMPRESORES\" \/>\n<meta property=\"article:published_time\" content=\"2010-04-10T08:16:43+00:00\" \/>\n<meta property=\"og:image\" content=\"https:\/\/ingra.net\/online\/wp-content\/uploads\/2020\/03\/slider_color.jpg\" \/>\n\t<meta property=\"og:image:width\" content=\"1900\" \/>\n\t<meta property=\"og:image:height\" content=\"1080\" \/>\n\t<meta property=\"og:image:type\" content=\"image\/jpeg\" \/>\n<meta name=\"author\" content=\"marketing\" \/>\n<meta name=\"twitter:card\" content=\"summary_large_image\" \/>\n<meta name=\"twitter:creator\" content=\"@IngraImpresores\" \/>\n<meta name=\"twitter:site\" content=\"@IngraImpresores\" \/>\n<meta name=\"twitter:label1\" content=\"Escrito por\" \/>\n\t<meta name=\"twitter:data1\" content=\"marketing\" \/>\n\t<meta name=\"twitter:label2\" content=\"Tiempo de lectura\" \/>\n\t<meta name=\"twitter:data2\" content=\"1 minuto\" \/>\n<script type=\"application\/ld+json\" class=\"yoast-schema-graph\">{\"@context\":\"https:\\\/\\\/schema.org\",\"@graph\":[{\"@type\":\"Article\",\"@id\":\"https:\\\/\\\/ingra.net\\\/online\\\/romeria-de-la-santa-faz-alicante\\\/#article\",\"isPartOf\":{\"@id\":\"https:\\\/\\\/ingra.net\\\/online\\\/romeria-de-la-santa-faz-alicante\\\/\"},\"author\":{\"name\":\"marketing\",\"@id\":\"https:\\\/\\\/ingra.net\\\/online\\\/#\\\/schema\\\/person\\\/b0aa22185c5cc21a074904b5d6618a93\"},\"headline\":\"Romer\u00eda de la Santa Faz &#8211; Alicante\",\"datePublished\":\"2010-04-10T08:16:43+00:00\",\"mainEntityOfPage\":{\"@id\":\"https:\\\/\\\/ingra.net\\\/online\\\/romeria-de-la-santa-faz-alicante\\\/\"},\"wordCount\":178,\"commentCount\":0,\"publisher\":{\"@id\":\"https:\\\/\\\/ingra.net\\\/online\\\/#organization\"},\"keywords\":[\"Abril\",\"alicante\",\"romer\u00eda\",\"Santa Faz\"],\"articleSection\":[\"Comunicados\"],\"inLanguage\":\"es\",\"potentialAction\":[{\"@type\":\"CommentAction\",\"name\":\"Comment\",\"target\":[\"https:\\\/\\\/ingra.net\\\/online\\\/romeria-de-la-santa-faz-alicante\\\/#respond\"]}]},{\"@type\":\"WebPage\",\"@id\":\"https:\\\/\\\/ingra.net\\\/online\\\/romeria-de-la-santa-faz-alicante\\\/\",\"url\":\"https:\\\/\\\/ingra.net\\\/online\\\/romeria-de-la-santa-faz-alicante\\\/\",\"name\":\"Romer\u00eda de la Santa Faz - Alicante | Ingra Impresores\",\"isPartOf\":{\"@id\":\"https:\\\/\\\/ingra.net\\\/online\\\/#website\"},\"datePublished\":\"2010-04-10T08:16:43+00:00\",\"breadcrumb\":{\"@id\":\"https:\\\/\\\/ingra.net\\\/online\\\/romeria-de-la-santa-faz-alicante\\\/#breadcrumb\"},\"inLanguage\":\"es\",\"potentialAction\":[{\"@type\":\"ReadAction\",\"target\":[\"https:\\\/\\\/ingra.net\\\/online\\\/romeria-de-la-santa-faz-alicante\\\/\"]}]},{\"@type\":\"BreadcrumbList\",\"@id\":\"https:\\\/\\\/ingra.net\\\/online\\\/romeria-de-la-santa-faz-alicante\\\/#breadcrumb\",\"itemListElement\":[{\"@type\":\"ListItem\",\"position\":1,\"name\":\"Portada\",\"item\":\"https:\\\/\\\/ingra.net\\\/online\\\/\"},{\"@type\":\"ListItem\",\"position\":2,\"name\":\"Romer\u00eda de la Santa Faz &#8211; Alicante\"}]},{\"@type\":\"WebSite\",\"@id\":\"https:\\\/\\\/ingra.net\\\/online\\\/#website\",\"url\":\"https:\\\/\\\/ingra.net\\\/online\\\/\",\"name\":\"Ingra Impresores\",\"description\":\"Imprenta Offset y digital en Alicante\",\"publisher\":{\"@id\":\"https:\\\/\\\/ingra.net\\\/online\\\/#organization\"},\"alternateName\":\"INGRA\",\"potentialAction\":[{\"@type\":\"SearchAction\",\"target\":{\"@type\":\"EntryPoint\",\"urlTemplate\":\"https:\\\/\\\/ingra.net\\\/online\\\/?s={search_term_string}\"},\"query-input\":{\"@type\":\"PropertyValueSpecification\",\"valueRequired\":true,\"valueName\":\"search_term_string\"}}],\"inLanguage\":\"es\"},{\"@type\":\"Organization\",\"@id\":\"https:\\\/\\\/ingra.net\\\/online\\\/#organization\",\"name\":\"Ingra Impresores\",\"alternateName\":\"Ingra impresores\",\"url\":\"https:\\\/\\\/ingra.net\\\/online\\\/\",\"logo\":{\"@type\":\"ImageObject\",\"inLanguage\":\"es\",\"@id\":\"https:\\\/\\\/ingra.net\\\/online\\\/#\\\/schema\\\/logo\\\/image\\\/\",\"url\":\"https:\\\/\\\/ingra.net\\\/online\\\/wp-content\\\/uploads\\\/2012\\\/11\\\/logo.png\",\"contentUrl\":\"https:\\\/\\\/ingra.net\\\/online\\\/wp-content\\\/uploads\\\/2012\\\/11\\\/logo.png\",\"width\":360,\"height\":105,\"caption\":\"Ingra Impresores\"},\"image\":{\"@id\":\"https:\\\/\\\/ingra.net\\\/online\\\/#\\\/schema\\\/logo\\\/image\\\/\"},\"sameAs\":[\"https:\\\/\\\/www.facebook.com\\\/INGRAIMPRESORES\",\"https:\\\/\\\/x.com\\\/IngraImpresores\",\"https:\\\/\\\/www.instagram.com\\\/ingraimpresoresalicante\\\/\"]},{\"@type\":\"Person\",\"@id\":\"https:\\\/\\\/ingra.net\\\/online\\\/#\\\/schema\\\/person\\\/b0aa22185c5cc21a074904b5d6618a93\",\"name\":\"marketing\",\"image\":{\"@type\":\"ImageObject\",\"inLanguage\":\"es\",\"@id\":\"https:\\\/\\\/secure.gravatar.com\\\/avatar\\\/404d02c0b1dc05b717a481cb9d9fa33d8a40b9c6ce9fcaf992f623f29d653695?s=96&d=mm&r=g\",\"url\":\"https:\\\/\\\/secure.gravatar.com\\\/avatar\\\/404d02c0b1dc05b717a481cb9d9fa33d8a40b9c6ce9fcaf992f623f29d653695?s=96&d=mm&r=g\",\"contentUrl\":\"https:\\\/\\\/secure.gravatar.com\\\/avatar\\\/404d02c0b1dc05b717a481cb9d9fa33d8a40b9c6ce9fcaf992f623f29d653695?s=96&d=mm&r=g\",\"caption\":\"marketing\"},\"url\":\"https:\\\/\\\/ingra.net\\\/online\\\/author\\\/marketing\\\/\"}]}<\/script>\n<!-- \/ Yoast SEO plugin. -->","yoast_head_json":{"title":"Romer\u00eda de la Santa Faz - Alicante | Ingra Impresores","robots":{"index":"index","follow":"follow","max-snippet":"max-snippet:-1","max-image-preview":"max-image-preview:large","max-video-preview":"max-video-preview:-1"},"canonical":"https:\/\/ingra.net\/online\/romeria-de-la-santa-faz-alicante\/","og_locale":"es_ES","og_type":"article","og_title":"Romer\u00eda de la Santa Faz - Alicante | Ingra Impresores","og_description":"Nos vamos de Romer\u00eda. Fiesta local en la ciudad de Alicante, nos encontramos all\u00ed los d\u00edas 15 y 16 de Abril, si tienes alguna urgencia llamanos al tel\u00e9fono: 965107649. Volvemos el lunes 19 de abril.","og_url":"https:\/\/ingra.net\/online\/romeria-de-la-santa-faz-alicante\/","og_site_name":"Ingra Impresores","article_publisher":"https:\/\/www.facebook.com\/INGRAIMPRESORES","article_published_time":"2010-04-10T08:16:43+00:00","og_image":[{"width":1900,"height":1080,"url":"https:\/\/ingra.net\/online\/wp-content\/uploads\/2020\/03\/slider_color.jpg","type":"image\/jpeg"}],"author":"marketing","twitter_card":"summary_large_image","twitter_creator":"@IngraImpresores","twitter_site":"@IngraImpresores","twitter_misc":{"Escrito por":"marketing","Tiempo de lectura":"1 minuto"},"schema":{"@context":"https:\/\/schema.org","@graph":[{"@type":"Article","@id":"https:\/\/ingra.net\/online\/romeria-de-la-santa-faz-alicante\/#article","isPartOf":{"@id":"https:\/\/ingra.net\/online\/romeria-de-la-santa-faz-alicante\/"},"author":{"name":"marketing","@id":"https:\/\/ingra.net\/online\/#\/schema\/person\/b0aa22185c5cc21a074904b5d6618a93"},"headline":"Romer\u00eda de la Santa Faz &#8211; Alicante","datePublished":"2010-04-10T08:16:43+00:00","mainEntityOfPage":{"@id":"https:\/\/ingra.net\/online\/romeria-de-la-santa-faz-alicante\/"},"wordCount":178,"commentCount":0,"publisher":{"@id":"https:\/\/ingra.net\/online\/#organization"},"keywords":["Abril","alicante","romer\u00eda","Santa Faz"],"articleSection":["Comunicados"],"inLanguage":"es","potentialAction":[{"@type":"CommentAction","name":"Comment","target":["https:\/\/ingra.net\/online\/romeria-de-la-santa-faz-alicante\/#respond"]}]},{"@type":"WebPage","@id":"https:\/\/ingra.net\/online\/romeria-de-la-santa-faz-alicante\/","url":"https:\/\/ingra.net\/online\/romeria-de-la-santa-faz-alicante\/","name":"Romer\u00eda de la Santa Faz - Alicante | Ingra Impresores","isPartOf":{"@id":"https:\/\/ingra.net\/online\/#website"},"datePublished":"2010-04-10T08:16:43+00:00","breadcrumb":{"@id":"https:\/\/ingra.net\/online\/romeria-de-la-santa-faz-alicante\/#breadcrumb"},"inLanguage":"es","potentialAction":[{"@type":"ReadAction","target":["https:\/\/ingra.net\/online\/romeria-de-la-santa-faz-alicante\/"]}]},{"@type":"BreadcrumbList","@id":"https:\/\/ingra.net\/online\/romeria-de-la-santa-faz-alicante\/#breadcrumb","itemListElement":[{"@type":"ListItem","position":1,"name":"Portada","item":"https:\/\/ingra.net\/online\/"},{"@type":"ListItem","position":2,"name":"Romer\u00eda de la Santa Faz &#8211; Alicante"}]},{"@type":"WebSite","@id":"https:\/\/ingra.net\/online\/#website","url":"https:\/\/ingra.net\/online\/","name":"Ingra Impresores","description":"Imprenta Offset y digital en Alicante","publisher":{"@id":"https:\/\/ingra.net\/online\/#organization"},"alternateName":"INGRA","potentialAction":[{"@type":"SearchAction","target":{"@type":"EntryPoint","urlTemplate":"https:\/\/ingra.net\/online\/?s={search_term_string}"},"query-input":{"@type":"PropertyValueSpecification","valueRequired":true,"valueName":"search_term_string"}}],"inLanguage":"es"},{"@type":"Organization","@id":"https:\/\/ingra.net\/online\/#organization","name":"Ingra Impresores","alternateName":"Ingra impresores","url":"https:\/\/ingra.net\/online\/","logo":{"@type":"ImageObject","inLanguage":"es","@id":"https:\/\/ingra.net\/online\/#\/schema\/logo\/image\/","url":"https:\/\/ingra.net\/online\/wp-content\/uploads\/2012\/11\/logo.png","contentUrl":"https:\/\/ingra.net\/online\/wp-content\/uploads\/2012\/11\/logo.png","width":360,"height":105,"caption":"Ingra Impresores"},"image":{"@id":"https:\/\/ingra.net\/online\/#\/schema\/logo\/image\/"},"sameAs":["https:\/\/www.facebook.com\/INGRAIMPRESORES","https:\/\/x.com\/IngraImpresores","https:\/\/www.instagram.com\/ingraimpresoresalicante\/"]},{"@type":"Person","@id":"https:\/\/ingra.net\/online\/#\/schema\/person\/b0aa22185c5cc21a074904b5d6618a93","name":"marketing","image":{"@type":"ImageObject","inLanguage":"es","@id":"https:\/\/secure.gravatar.com\/avatar\/404d02c0b1dc05b717a481cb9d9fa33d8a40b9c6ce9fcaf992f623f29d653695?s=96&d=mm&r=g","url":"https:\/\/secure.gravatar.com\/avatar\/404d02c0b1dc05b717a481cb9d9fa33d8a40b9c6ce9fcaf992f623f29d653695?s=96&d=mm&r=g","contentUrl":"https:\/\/secure.gravatar.com\/avatar\/404d02c0b1dc05b717a481cb9d9fa33d8a40b9c6ce9fcaf992f623f29d653695?s=96&d=mm&r=g","caption":"marketing"},"url":"https:\/\/ingra.net\/online\/author\/marketing\/"}]}},"_links":{"self":[{"href":"https:\/\/ingra.net\/online\/wp-json\/wp\/v2\/posts\/226","targetHints":{"allow":["GET"]}}],"collection":[{"href":"https:\/\/ingra.net\/online\/wp-json\/wp\/v2\/posts"}],"about":[{"href":"https:\/\/ingra.net\/online\/wp-json\/wp\/v2\/types\/post"}],"author":[{"embeddable":true,"href":"https:\/\/ingra.net\/online\/wp-json\/wp\/v2\/users\/2"}],"replies":[{"embeddable":true,"href":"https:\/\/ingra.net\/online\/wp-json\/wp\/v2\/comments?post=226"}],"version-history":[{"count":0,"href":"https:\/\/ingra.net\/online\/wp-json\/wp\/v2\/posts\/226\/revisions"}],"wp:attachment":[{"href":"https:\/\/ingra.net\/online\/wp-json\/wp\/v2\/media?parent=226"}],"wp:term":[{"taxonomy":"category","embeddable":true,"href":"https:\/\/ingra.net\/online\/wp-json\/wp\/v2\/categories?post=226"},{"taxonomy":"post_tag","embeddable":true,"href":"https:\/\/ingra.net\/online\/wp-json\/wp\/v2\/tags?post=226"}],"curies":[{"name":"wp","href":"https:\/\/api.w.org\/{rel}","templated":true}]}}