{"id":1723,"date":"2016-06-10T09:48:53","date_gmt":"2016-06-10T09:48:53","guid":{"rendered":"http:\/\/ingra.net\/online\/?p=1723"},"modified":"2016-06-16T21:29:18","modified_gmt":"2016-06-16T21:29:18","slug":"7cit-congreso-internacional-de-tipografia","status":"publish","type":"post","link":"https:\/\/ingra.net\/online\/7cit-congreso-internacional-de-tipografia\/","title":{"rendered":"7CIT Congreso Internacional de Tipograf\u00eda"},"content":{"rendered":"<h2 style=\"text-align: justify;\">Los pr\u00f3ximos dias 1, 2 y 3 de Julio se va a celebrar el 7\u00ba Congreso de Tipograf\u00eda , Tipograf\u00eda P\u00fablica en Valencia.<\/h2>\n<p style=\"text-align: justify;\">La asociaci\u00f3n de Dise\u00f1adores de la Comunidad Valenciana, ADCV organiza su ya VII Congreso Internacional de Tipograf\u00eda, desde Ingra queremos informar y recordar a nuestros amigos y clientes sobre \u00e9ste congreso.<\/p>\n<p style=\"text-align: justify;\">El Congreso Internacional de Tipograf\u00eda se celebra cada dos a\u00f1os en Valencia, donde profesionales del dise\u00f1o gr\u00e1fico y la tipograf\u00eda, investigadores, profesores y estudiantes se re\u00fanen y cambian conocimientos, impresiones e intereses.<\/p>\n<p style=\"text-align: justify;\">Ofrecen actividades, talleres, conferencias, mesas de trabajo, todo ello relacionado con la tipograf\u00eda.<\/p>\n<p style=\"text-align: justify;\">En este 7\u00baCongreso y bajo el t\u00edtulo de \u00ablo p\u00fablico\u00bb se quiere plantear una reflexi\u00f3n sobre cu\u00e1l es el papel que tiene la tipograf\u00eda en todos aquellos aspectos relacionados con el sentido de \u00ablo p\u00fablico\u00bb.<\/p>\n<p style=\"text-align: justify;\">Algunas de las cuestiones que se plantear\u00e1n y tratar\u00e1n ser\u00e1n, \u00bfPodemos hablar de una tipograf\u00eda p\u00fablica? \u00bfEn que medida puede la tipograf\u00eda contribuir a lo p\u00fablico? o \u00bfComo contribuye la tipograf\u00eda a un mejor acceso a la informaci\u00f3n de inter\u00e9s p\u00fablico?.<\/p>\n<p style=\"text-align: justify;\">M\u00e1s informaci\u00f3n :<\/p>\n<div id=\"principal\">\n<div id=\"content\">\n<div id=\"contenidopost\">\n<div>\n<p style=\"text-align: justify;\"><a title=\"Asociaci\u00f3n de Dise\u00f1adores de la Comunidad Valenciana\" href=\"http:\/\/www.adcv.com\/\" target=\"_blank\">www.adcv.com<\/a><\/p>\n<h3 style=\"text-align: justify;\">Sede:<\/h3>\n<p style=\"text-align: justify;\">EASD Valencia<br \/>\nC\/ Pintor Domingo, 20<br \/>\n46001 \u2013Valencia<\/p>\n<p>&nbsp;<\/p>\n<p>&nbsp;<\/p>\n<\/div>\n<div>\n<div>\n<div data-ref=\".V1qMUbu3Ta4.like\" data-layout=\"button_count\" data-show_faces=\"false\" data-share=\"false\" data-action=\"like\" data-width=\"90\" data-font=\"arial\" data-href=\"http:\/\/www.congresotipografia.com\/organizacion\/\" data-send=\"false\"><\/div>\n<div id=\"___plusone_0\"><\/div>\n<div><\/div>\n<\/div>\n<div><\/div>\n<\/div>\n<div><\/div>\n<\/div>\n<div><\/div>\n<div><\/div>\n<\/div>\n<\/div>\n<div><\/div>\n<div id=\"footer\"><\/div>\n","protected":false},"excerpt":{"rendered":"<p>Los pr\u00f3ximos dias 1, 2 y 3 de Julio se va a celebrar el 7\u00ba Congreso de Tipograf\u00eda , Tipograf\u00eda<\/p>\n","protected":false},"author":2,"featured_media":1731,"comment_status":"open","ping_status":"open","sticky":false,"template":"","format":"standard","meta":{"_monsterinsights_skip_tracking":false,"_monsterinsights_sitenote_active":false,"_monsterinsights_sitenote_note":"","_monsterinsights_sitenote_category":0,"footnotes":""},"categories":[17],"tags":[417,115,377],"class_list":["post-1723","post","type-post","status-publish","format-standard","has-post-thumbnail","hentry","category-comunicados","tag-conferencias","tag-eventos","tag-tipografia"],"yoast_head":"<!-- This site is optimized with the Yoast SEO plugin v27.5 - https:\/\/yoast.com\/product\/yoast-seo-wordpress\/ -->\n<title>7CIT Congreso Internacional de Tipograf\u00eda | Ingra Impresores<\/title>\n<meta name=\"robots\" content=\"index, follow, max-snippet:-1, max-image-preview:large, max-video-preview:-1\" \/>\n<link rel=\"canonical\" href=\"https:\/\/ingra.net\/online\/7cit-congreso-internacional-de-tipografia\/\" \/>\n<meta property=\"og:locale\" content=\"es_ES\" \/>\n<meta property=\"og:type\" content=\"article\" \/>\n<meta property=\"og:title\" content=\"7CIT Congreso Internacional de Tipograf\u00eda | Ingra Impresores\" \/>\n<meta property=\"og:description\" content=\"Los pr\u00f3ximos dias 1, 2 y 3 de Julio se va a celebrar el 7\u00ba Congreso de Tipograf\u00eda , Tipograf\u00eda\" \/>\n<meta property=\"og:url\" content=\"https:\/\/ingra.net\/online\/7cit-congreso-internacional-de-tipografia\/\" \/>\n<meta property=\"og:site_name\" content=\"Ingra Impresores\" \/>\n<meta property=\"article:publisher\" content=\"https:\/\/www.facebook.com\/INGRAIMPRESORES\" \/>\n<meta property=\"article:published_time\" content=\"2016-06-10T09:48:53+00:00\" \/>\n<meta property=\"article:modified_time\" content=\"2016-06-16T21:29:18+00:00\" \/>\n<meta property=\"og:image\" content=\"https:\/\/ingra.net\/online\/wp-content\/uploads\/2016\/06\/congresotipos.jpg\" \/>\n\t<meta property=\"og:image:width\" content=\"400\" \/>\n\t<meta property=\"og:image:height\" content=\"223\" \/>\n\t<meta property=\"og:image:type\" content=\"image\/jpeg\" \/>\n<meta name=\"author\" content=\"marketing\" \/>\n<meta name=\"twitter:card\" content=\"summary_large_image\" \/>\n<meta name=\"twitter:creator\" content=\"@IngraImpresores\" \/>\n<meta name=\"twitter:site\" content=\"@IngraImpresores\" \/>\n<meta name=\"twitter:label1\" content=\"Escrito por\" \/>\n\t<meta name=\"twitter:data1\" content=\"marketing\" \/>\n\t<meta name=\"twitter:label2\" content=\"Tiempo de lectura\" \/>\n\t<meta name=\"twitter:data2\" content=\"1 minuto\" \/>\n<script type=\"application\/ld+json\" class=\"yoast-schema-graph\">{\"@context\":\"https:\\\/\\\/schema.org\",\"@graph\":[{\"@type\":\"Article\",\"@id\":\"https:\\\/\\\/ingra.net\\\/online\\\/7cit-congreso-internacional-de-tipografia\\\/#article\",\"isPartOf\":{\"@id\":\"https:\\\/\\\/ingra.net\\\/online\\\/7cit-congreso-internacional-de-tipografia\\\/\"},\"author\":{\"name\":\"marketing\",\"@id\":\"https:\\\/\\\/ingra.net\\\/online\\\/#\\\/schema\\\/person\\\/b0aa22185c5cc21a074904b5d6618a93\"},\"headline\":\"7CIT Congreso Internacional de Tipograf\u00eda\",\"datePublished\":\"2016-06-10T09:48:53+00:00\",\"dateModified\":\"2016-06-16T21:29:18+00:00\",\"mainEntityOfPage\":{\"@id\":\"https:\\\/\\\/ingra.net\\\/online\\\/7cit-congreso-internacional-de-tipografia\\\/\"},\"wordCount\":223,\"commentCount\":0,\"publisher\":{\"@id\":\"https:\\\/\\\/ingra.net\\\/online\\\/#organization\"},\"image\":{\"@id\":\"https:\\\/\\\/ingra.net\\\/online\\\/7cit-congreso-internacional-de-tipografia\\\/#primaryimage\"},\"thumbnailUrl\":\"https:\\\/\\\/ingra.net\\\/online\\\/wp-content\\\/uploads\\\/2016\\\/06\\\/congresotipos.jpg\",\"keywords\":[\"conferencias\",\"eventos\",\"tipograf\u00eda\"],\"articleSection\":[\"Comunicados\"],\"inLanguage\":\"es\",\"potentialAction\":[{\"@type\":\"CommentAction\",\"name\":\"Comment\",\"target\":[\"https:\\\/\\\/ingra.net\\\/online\\\/7cit-congreso-internacional-de-tipografia\\\/#respond\"]}]},{\"@type\":\"WebPage\",\"@id\":\"https:\\\/\\\/ingra.net\\\/online\\\/7cit-congreso-internacional-de-tipografia\\\/\",\"url\":\"https:\\\/\\\/ingra.net\\\/online\\\/7cit-congreso-internacional-de-tipografia\\\/\",\"name\":\"7CIT Congreso Internacional de Tipograf\u00eda | Ingra Impresores\",\"isPartOf\":{\"@id\":\"https:\\\/\\\/ingra.net\\\/online\\\/#website\"},\"primaryImageOfPage\":{\"@id\":\"https:\\\/\\\/ingra.net\\\/online\\\/7cit-congreso-internacional-de-tipografia\\\/#primaryimage\"},\"image\":{\"@id\":\"https:\\\/\\\/ingra.net\\\/online\\\/7cit-congreso-internacional-de-tipografia\\\/#primaryimage\"},\"thumbnailUrl\":\"https:\\\/\\\/ingra.net\\\/online\\\/wp-content\\\/uploads\\\/2016\\\/06\\\/congresotipos.jpg\",\"datePublished\":\"2016-06-10T09:48:53+00:00\",\"dateModified\":\"2016-06-16T21:29:18+00:00\",\"breadcrumb\":{\"@id\":\"https:\\\/\\\/ingra.net\\\/online\\\/7cit-congreso-internacional-de-tipografia\\\/#breadcrumb\"},\"inLanguage\":\"es\",\"potentialAction\":[{\"@type\":\"ReadAction\",\"target\":[\"https:\\\/\\\/ingra.net\\\/online\\\/7cit-congreso-internacional-de-tipografia\\\/\"]}]},{\"@type\":\"ImageObject\",\"inLanguage\":\"es\",\"@id\":\"https:\\\/\\\/ingra.net\\\/online\\\/7cit-congreso-internacional-de-tipografia\\\/#primaryimage\",\"url\":\"https:\\\/\\\/ingra.net\\\/online\\\/wp-content\\\/uploads\\\/2016\\\/06\\\/congresotipos.jpg\",\"contentUrl\":\"https:\\\/\\\/ingra.net\\\/online\\\/wp-content\\\/uploads\\\/2016\\\/06\\\/congresotipos.jpg\",\"width\":400,\"height\":223},{\"@type\":\"BreadcrumbList\",\"@id\":\"https:\\\/\\\/ingra.net\\\/online\\\/7cit-congreso-internacional-de-tipografia\\\/#breadcrumb\",\"itemListElement\":[{\"@type\":\"ListItem\",\"position\":1,\"name\":\"Portada\",\"item\":\"https:\\\/\\\/ingra.net\\\/online\\\/\"},{\"@type\":\"ListItem\",\"position\":2,\"name\":\"7CIT Congreso Internacional de Tipograf\u00eda\"}]},{\"@type\":\"WebSite\",\"@id\":\"https:\\\/\\\/ingra.net\\\/online\\\/#website\",\"url\":\"https:\\\/\\\/ingra.net\\\/online\\\/\",\"name\":\"Ingra Impresores\",\"description\":\"Imprenta Offset y digital en Alicante\",\"publisher\":{\"@id\":\"https:\\\/\\\/ingra.net\\\/online\\\/#organization\"},\"alternateName\":\"INGRA\",\"potentialAction\":[{\"@type\":\"SearchAction\",\"target\":{\"@type\":\"EntryPoint\",\"urlTemplate\":\"https:\\\/\\\/ingra.net\\\/online\\\/?s={search_term_string}\"},\"query-input\":{\"@type\":\"PropertyValueSpecification\",\"valueRequired\":true,\"valueName\":\"search_term_string\"}}],\"inLanguage\":\"es\"},{\"@type\":\"Organization\",\"@id\":\"https:\\\/\\\/ingra.net\\\/online\\\/#organization\",\"name\":\"Ingra Impresores\",\"alternateName\":\"Ingra impresores\",\"url\":\"https:\\\/\\\/ingra.net\\\/online\\\/\",\"logo\":{\"@type\":\"ImageObject\",\"inLanguage\":\"es\",\"@id\":\"https:\\\/\\\/ingra.net\\\/online\\\/#\\\/schema\\\/logo\\\/image\\\/\",\"url\":\"https:\\\/\\\/ingra.net\\\/online\\\/wp-content\\\/uploads\\\/2012\\\/11\\\/logo.png\",\"contentUrl\":\"https:\\\/\\\/ingra.net\\\/online\\\/wp-content\\\/uploads\\\/2012\\\/11\\\/logo.png\",\"width\":360,\"height\":105,\"caption\":\"Ingra Impresores\"},\"image\":{\"@id\":\"https:\\\/\\\/ingra.net\\\/online\\\/#\\\/schema\\\/logo\\\/image\\\/\"},\"sameAs\":[\"https:\\\/\\\/www.facebook.com\\\/INGRAIMPRESORES\",\"https:\\\/\\\/x.com\\\/IngraImpresores\",\"https:\\\/\\\/www.instagram.com\\\/ingraimpresoresalicante\\\/\"]},{\"@type\":\"Person\",\"@id\":\"https:\\\/\\\/ingra.net\\\/online\\\/#\\\/schema\\\/person\\\/b0aa22185c5cc21a074904b5d6618a93\",\"name\":\"marketing\",\"image\":{\"@type\":\"ImageObject\",\"inLanguage\":\"es\",\"@id\":\"https:\\\/\\\/secure.gravatar.com\\\/avatar\\\/404d02c0b1dc05b717a481cb9d9fa33d8a40b9c6ce9fcaf992f623f29d653695?s=96&d=mm&r=g\",\"url\":\"https:\\\/\\\/secure.gravatar.com\\\/avatar\\\/404d02c0b1dc05b717a481cb9d9fa33d8a40b9c6ce9fcaf992f623f29d653695?s=96&d=mm&r=g\",\"contentUrl\":\"https:\\\/\\\/secure.gravatar.com\\\/avatar\\\/404d02c0b1dc05b717a481cb9d9fa33d8a40b9c6ce9fcaf992f623f29d653695?s=96&d=mm&r=g\",\"caption\":\"marketing\"},\"url\":\"https:\\\/\\\/ingra.net\\\/online\\\/author\\\/marketing\\\/\"}]}<\/script>\n<!-- \/ Yoast SEO plugin. -->","yoast_head_json":{"title":"7CIT Congreso Internacional de Tipograf\u00eda | Ingra Impresores","robots":{"index":"index","follow":"follow","max-snippet":"max-snippet:-1","max-image-preview":"max-image-preview:large","max-video-preview":"max-video-preview:-1"},"canonical":"https:\/\/ingra.net\/online\/7cit-congreso-internacional-de-tipografia\/","og_locale":"es_ES","og_type":"article","og_title":"7CIT Congreso Internacional de Tipograf\u00eda | Ingra Impresores","og_description":"Los pr\u00f3ximos dias 1, 2 y 3 de Julio se va a celebrar el 7\u00ba Congreso de Tipograf\u00eda , Tipograf\u00eda","og_url":"https:\/\/ingra.net\/online\/7cit-congreso-internacional-de-tipografia\/","og_site_name":"Ingra Impresores","article_publisher":"https:\/\/www.facebook.com\/INGRAIMPRESORES","article_published_time":"2016-06-10T09:48:53+00:00","article_modified_time":"2016-06-16T21:29:18+00:00","og_image":[{"width":400,"height":223,"url":"https:\/\/ingra.net\/online\/wp-content\/uploads\/2016\/06\/congresotipos.jpg","type":"image\/jpeg"}],"author":"marketing","twitter_card":"summary_large_image","twitter_creator":"@IngraImpresores","twitter_site":"@IngraImpresores","twitter_misc":{"Escrito por":"marketing","Tiempo de lectura":"1 minuto"},"schema":{"@context":"https:\/\/schema.org","@graph":[{"@type":"Article","@id":"https:\/\/ingra.net\/online\/7cit-congreso-internacional-de-tipografia\/#article","isPartOf":{"@id":"https:\/\/ingra.net\/online\/7cit-congreso-internacional-de-tipografia\/"},"author":{"name":"marketing","@id":"https:\/\/ingra.net\/online\/#\/schema\/person\/b0aa22185c5cc21a074904b5d6618a93"},"headline":"7CIT Congreso Internacional de Tipograf\u00eda","datePublished":"2016-06-10T09:48:53+00:00","dateModified":"2016-06-16T21:29:18+00:00","mainEntityOfPage":{"@id":"https:\/\/ingra.net\/online\/7cit-congreso-internacional-de-tipografia\/"},"wordCount":223,"commentCount":0,"publisher":{"@id":"https:\/\/ingra.net\/online\/#organization"},"image":{"@id":"https:\/\/ingra.net\/online\/7cit-congreso-internacional-de-tipografia\/#primaryimage"},"thumbnailUrl":"https:\/\/ingra.net\/online\/wp-content\/uploads\/2016\/06\/congresotipos.jpg","keywords":["conferencias","eventos","tipograf\u00eda"],"articleSection":["Comunicados"],"inLanguage":"es","potentialAction":[{"@type":"CommentAction","name":"Comment","target":["https:\/\/ingra.net\/online\/7cit-congreso-internacional-de-tipografia\/#respond"]}]},{"@type":"WebPage","@id":"https:\/\/ingra.net\/online\/7cit-congreso-internacional-de-tipografia\/","url":"https:\/\/ingra.net\/online\/7cit-congreso-internacional-de-tipografia\/","name":"7CIT Congreso Internacional de Tipograf\u00eda | Ingra Impresores","isPartOf":{"@id":"https:\/\/ingra.net\/online\/#website"},"primaryImageOfPage":{"@id":"https:\/\/ingra.net\/online\/7cit-congreso-internacional-de-tipografia\/#primaryimage"},"image":{"@id":"https:\/\/ingra.net\/online\/7cit-congreso-internacional-de-tipografia\/#primaryimage"},"thumbnailUrl":"https:\/\/ingra.net\/online\/wp-content\/uploads\/2016\/06\/congresotipos.jpg","datePublished":"2016-06-10T09:48:53+00:00","dateModified":"2016-06-16T21:29:18+00:00","breadcrumb":{"@id":"https:\/\/ingra.net\/online\/7cit-congreso-internacional-de-tipografia\/#breadcrumb"},"inLanguage":"es","potentialAction":[{"@type":"ReadAction","target":["https:\/\/ingra.net\/online\/7cit-congreso-internacional-de-tipografia\/"]}]},{"@type":"ImageObject","inLanguage":"es","@id":"https:\/\/ingra.net\/online\/7cit-congreso-internacional-de-tipografia\/#primaryimage","url":"https:\/\/ingra.net\/online\/wp-content\/uploads\/2016\/06\/congresotipos.jpg","contentUrl":"https:\/\/ingra.net\/online\/wp-content\/uploads\/2016\/06\/congresotipos.jpg","width":400,"height":223},{"@type":"BreadcrumbList","@id":"https:\/\/ingra.net\/online\/7cit-congreso-internacional-de-tipografia\/#breadcrumb","itemListElement":[{"@type":"ListItem","position":1,"name":"Portada","item":"https:\/\/ingra.net\/online\/"},{"@type":"ListItem","position":2,"name":"7CIT Congreso Internacional de Tipograf\u00eda"}]},{"@type":"WebSite","@id":"https:\/\/ingra.net\/online\/#website","url":"https:\/\/ingra.net\/online\/","name":"Ingra Impresores","description":"Imprenta Offset y digital en Alicante","publisher":{"@id":"https:\/\/ingra.net\/online\/#organization"},"alternateName":"INGRA","potentialAction":[{"@type":"SearchAction","target":{"@type":"EntryPoint","urlTemplate":"https:\/\/ingra.net\/online\/?s={search_term_string}"},"query-input":{"@type":"PropertyValueSpecification","valueRequired":true,"valueName":"search_term_string"}}],"inLanguage":"es"},{"@type":"Organization","@id":"https:\/\/ingra.net\/online\/#organization","name":"Ingra Impresores","alternateName":"Ingra impresores","url":"https:\/\/ingra.net\/online\/","logo":{"@type":"ImageObject","inLanguage":"es","@id":"https:\/\/ingra.net\/online\/#\/schema\/logo\/image\/","url":"https:\/\/ingra.net\/online\/wp-content\/uploads\/2012\/11\/logo.png","contentUrl":"https:\/\/ingra.net\/online\/wp-content\/uploads\/2012\/11\/logo.png","width":360,"height":105,"caption":"Ingra Impresores"},"image":{"@id":"https:\/\/ingra.net\/online\/#\/schema\/logo\/image\/"},"sameAs":["https:\/\/www.facebook.com\/INGRAIMPRESORES","https:\/\/x.com\/IngraImpresores","https:\/\/www.instagram.com\/ingraimpresoresalicante\/"]},{"@type":"Person","@id":"https:\/\/ingra.net\/online\/#\/schema\/person\/b0aa22185c5cc21a074904b5d6618a93","name":"marketing","image":{"@type":"ImageObject","inLanguage":"es","@id":"https:\/\/secure.gravatar.com\/avatar\/404d02c0b1dc05b717a481cb9d9fa33d8a40b9c6ce9fcaf992f623f29d653695?s=96&d=mm&r=g","url":"https:\/\/secure.gravatar.com\/avatar\/404d02c0b1dc05b717a481cb9d9fa33d8a40b9c6ce9fcaf992f623f29d653695?s=96&d=mm&r=g","contentUrl":"https:\/\/secure.gravatar.com\/avatar\/404d02c0b1dc05b717a481cb9d9fa33d8a40b9c6ce9fcaf992f623f29d653695?s=96&d=mm&r=g","caption":"marketing"},"url":"https:\/\/ingra.net\/online\/author\/marketing\/"}]}},"_links":{"self":[{"href":"https:\/\/ingra.net\/online\/wp-json\/wp\/v2\/posts\/1723","targetHints":{"allow":["GET"]}}],"collection":[{"href":"https:\/\/ingra.net\/online\/wp-json\/wp\/v2\/posts"}],"about":[{"href":"https:\/\/ingra.net\/online\/wp-json\/wp\/v2\/types\/post"}],"author":[{"embeddable":true,"href":"https:\/\/ingra.net\/online\/wp-json\/wp\/v2\/users\/2"}],"replies":[{"embeddable":true,"href":"https:\/\/ingra.net\/online\/wp-json\/wp\/v2\/comments?post=1723"}],"version-history":[{"count":0,"href":"https:\/\/ingra.net\/online\/wp-json\/wp\/v2\/posts\/1723\/revisions"}],"wp:featuredmedia":[{"embeddable":true,"href":"https:\/\/ingra.net\/online\/wp-json\/wp\/v2\/media\/1731"}],"wp:attachment":[{"href":"https:\/\/ingra.net\/online\/wp-json\/wp\/v2\/media?parent=1723"}],"wp:term":[{"taxonomy":"category","embeddable":true,"href":"https:\/\/ingra.net\/online\/wp-json\/wp\/v2\/categories?post=1723"},{"taxonomy":"post_tag","embeddable":true,"href":"https:\/\/ingra.net\/online\/wp-json\/wp\/v2\/tags?post=1723"}],"curies":[{"name":"wp","href":"https:\/\/api.w.org\/{rel}","templated":true}]}}