{"id":166,"date":"2009-11-25T12:24:59","date_gmt":"2009-11-25T10:24:59","guid":{"rendered":"http:\/\/www.imprimimosvida.com\/?p=166"},"modified":"2009-11-25T12:24:59","modified_gmt":"2009-11-25T10:24:59","slug":"adelanta-la-navidad","status":"publish","type":"post","link":"https:\/\/ingra.net\/online\/adelanta-la-navidad\/","title":{"rendered":"Adelanta la Navidad ,"},"content":{"rendered":"<p>No dejes para \u00faltima hora tus pedidos de Navidad: Tarjetas de felicitaci\u00f3n, sobres, calendarios, agendas, memorias, blocs de notas, etc. Adem\u00e1s si tienes alguna duda con que hacer esta Navidad te podemos dar unas cuantas opciones. Tambi\u00e9n te asesoramos en la elecci\u00f3n de papeles y acabados especiales ( Verjurados, reciclados, alto brillo, met\u00e1licos, tintas especiales, UVI,plastificados,etc )\u00a0 \u00bf quieres que tu felicitaci\u00f3n destaque sobre las de la competencia ?<\/p>\n<p>Llamanos y te asesoraremos en todas tus dudas y proyectos de impresi\u00f3n para esta navidad.<\/p>\n<p><img loading=\"lazy\" decoding=\"async\" class=\"alignnone size-full wp-image-108\" title=\"contacto3\" src=\"http:\/\/ingra.net\/online\/wp-content\/uploads\/2009\/05\/contacto3.jpg\" alt=\"contacto3\" width=\"450\" height=\"200\" srcset=\"https:\/\/ingra.net\/online\/wp-content\/uploads\/2009\/05\/contacto3.jpg 450w, https:\/\/ingra.net\/online\/wp-content\/uploads\/2009\/05\/contacto3-300x133.jpg 300w, https:\/\/ingra.net\/online\/wp-content\/uploads\/2009\/05\/contacto3-150x67.jpg 150w\" sizes=\"auto, (max-width: 450px) 100vw, 450px\" \/><\/p>\n","protected":false},"excerpt":{"rendered":"<p>No dejes para \u00faltima hora tus pedidos de Navidad: Tarjetas de felicitaci\u00f3n, sobres, calendarios, agendas, memorias, blocs de notas, etc.Adem\u00e1s si tienes alguna duda con que hacer esta Navidad te podemos dar unas cuantas opciones.<\/p>\n","protected":false},"author":1,"featured_media":0,"comment_status":"open","ping_status":"open","sticky":false,"template":"","format":"aside","meta":{"_monsterinsights_skip_tracking":false,"_monsterinsights_sitenote_active":false,"_monsterinsights_sitenote_note":"","_monsterinsights_sitenote_category":0,"footnotes":""},"categories":[17],"tags":[30,34,92,118,169,180,182,189,192,228,248,250,267],"class_list":["post-166","post","type-post","status-publish","format-aside","hentry","category-comunicados","tag-agendas","tag-alicante","tag-digital","tag-felicitaciones","tag-libros","tag-memorias","tag-metalicos","tag-navidad","tag-offset","tag-reciclados","tag-tarjetas","tag-tarjetones","tag-verjurados","post_format-post-format-aside"],"yoast_head":"<!-- This site is optimized with the Yoast SEO plugin v27.4 - https:\/\/yoast.com\/product\/yoast-seo-wordpress\/ -->\n<title>Adelanta la Navidad , | Ingra Impresores<\/title>\n<meta name=\"robots\" content=\"index, follow, max-snippet:-1, max-image-preview:large, max-video-preview:-1\" \/>\n<link rel=\"canonical\" href=\"https:\/\/ingra.net\/online\/adelanta-la-navidad\/\" \/>\n<meta property=\"og:locale\" content=\"es_ES\" \/>\n<meta property=\"og:type\" content=\"article\" \/>\n<meta property=\"og:title\" content=\"Adelanta la Navidad , | Ingra Impresores\" \/>\n<meta property=\"og:description\" content=\"No dejes para \u00faltima hora tus pedidos de Navidad: Tarjetas de felicitaci\u00f3n, sobres, calendarios, agendas, memorias, blocs de notas, etc.Adem\u00e1s si tienes alguna duda con que hacer esta Navidad te podemos dar unas cuantas opciones.\" \/>\n<meta property=\"og:url\" content=\"https:\/\/ingra.net\/online\/adelanta-la-navidad\/\" \/>\n<meta property=\"og:site_name\" content=\"Ingra Impresores\" \/>\n<meta property=\"article:publisher\" content=\"https:\/\/www.facebook.com\/INGRAIMPRESORES\" \/>\n<meta property=\"article:published_time\" content=\"2009-11-25T10:24:59+00:00\" \/>\n<meta property=\"og:image\" content=\"http:\/\/ingra.net\/online\/wp-content\/uploads\/2009\/05\/contacto3.jpg\" \/>\n<meta name=\"author\" content=\"admin\" \/>\n<meta name=\"twitter:card\" content=\"summary_large_image\" \/>\n<meta name=\"twitter:creator\" content=\"@IngraImpresores\" \/>\n<meta name=\"twitter:site\" content=\"@IngraImpresores\" \/>\n<meta name=\"twitter:label1\" content=\"Escrito por\" \/>\n\t<meta name=\"twitter:data1\" content=\"admin\" \/>\n<script type=\"application\/ld+json\" class=\"yoast-schema-graph\">{\"@context\":\"https:\\\/\\\/schema.org\",\"@graph\":[{\"@type\":\"Article\",\"@id\":\"https:\\\/\\\/ingra.net\\\/online\\\/adelanta-la-navidad\\\/#article\",\"isPartOf\":{\"@id\":\"https:\\\/\\\/ingra.net\\\/online\\\/adelanta-la-navidad\\\/\"},\"author\":{\"name\":\"admin\",\"@id\":\"https:\\\/\\\/ingra.net\\\/online\\\/#\\\/schema\\\/person\\\/cb8ac7bf3c7e33e7c44c2d7d1f3875b6\"},\"headline\":\"Adelanta la Navidad ,\",\"datePublished\":\"2009-11-25T10:24:59+00:00\",\"mainEntityOfPage\":{\"@id\":\"https:\\\/\\\/ingra.net\\\/online\\\/adelanta-la-navidad\\\/\"},\"wordCount\":92,\"commentCount\":0,\"publisher\":{\"@id\":\"https:\\\/\\\/ingra.net\\\/online\\\/#organization\"},\"image\":{\"@id\":\"https:\\\/\\\/ingra.net\\\/online\\\/adelanta-la-navidad\\\/#primaryimage\"},\"thumbnailUrl\":\"http:\\\/\\\/ingra.net\\\/online\\\/wp-content\\\/uploads\\\/2009\\\/05\\\/contacto3.jpg\",\"keywords\":[\"agendas\",\"alicante\",\"digital\",\"felicitaciones\",\"libros\",\"memorias\",\"met\u00e1licos\",\"navidad\",\"offset\",\"reciclados\",\"tarjetas\",\"tarjetones\",\"verjurados\"],\"articleSection\":[\"Comunicados\"],\"inLanguage\":\"es\",\"potentialAction\":[{\"@type\":\"CommentAction\",\"name\":\"Comment\",\"target\":[\"https:\\\/\\\/ingra.net\\\/online\\\/adelanta-la-navidad\\\/#respond\"]}]},{\"@type\":\"WebPage\",\"@id\":\"https:\\\/\\\/ingra.net\\\/online\\\/adelanta-la-navidad\\\/\",\"url\":\"https:\\\/\\\/ingra.net\\\/online\\\/adelanta-la-navidad\\\/\",\"name\":\"Adelanta la Navidad , | Ingra Impresores\",\"isPartOf\":{\"@id\":\"https:\\\/\\\/ingra.net\\\/online\\\/#website\"},\"primaryImageOfPage\":{\"@id\":\"https:\\\/\\\/ingra.net\\\/online\\\/adelanta-la-navidad\\\/#primaryimage\"},\"image\":{\"@id\":\"https:\\\/\\\/ingra.net\\\/online\\\/adelanta-la-navidad\\\/#primaryimage\"},\"thumbnailUrl\":\"http:\\\/\\\/ingra.net\\\/online\\\/wp-content\\\/uploads\\\/2009\\\/05\\\/contacto3.jpg\",\"datePublished\":\"2009-11-25T10:24:59+00:00\",\"breadcrumb\":{\"@id\":\"https:\\\/\\\/ingra.net\\\/online\\\/adelanta-la-navidad\\\/#breadcrumb\"},\"inLanguage\":\"es\",\"potentialAction\":[{\"@type\":\"ReadAction\",\"target\":[\"https:\\\/\\\/ingra.net\\\/online\\\/adelanta-la-navidad\\\/\"]}]},{\"@type\":\"ImageObject\",\"inLanguage\":\"es\",\"@id\":\"https:\\\/\\\/ingra.net\\\/online\\\/adelanta-la-navidad\\\/#primaryimage\",\"url\":\"https:\\\/\\\/ingra.net\\\/online\\\/wp-content\\\/uploads\\\/2009\\\/05\\\/contacto3.jpg\",\"contentUrl\":\"https:\\\/\\\/ingra.net\\\/online\\\/wp-content\\\/uploads\\\/2009\\\/05\\\/contacto3.jpg\",\"width\":450,\"height\":200},{\"@type\":\"BreadcrumbList\",\"@id\":\"https:\\\/\\\/ingra.net\\\/online\\\/adelanta-la-navidad\\\/#breadcrumb\",\"itemListElement\":[{\"@type\":\"ListItem\",\"position\":1,\"name\":\"Portada\",\"item\":\"https:\\\/\\\/ingra.net\\\/online\\\/\"},{\"@type\":\"ListItem\",\"position\":2,\"name\":\"Adelanta la Navidad ,\"}]},{\"@type\":\"WebSite\",\"@id\":\"https:\\\/\\\/ingra.net\\\/online\\\/#website\",\"url\":\"https:\\\/\\\/ingra.net\\\/online\\\/\",\"name\":\"Ingra Impresores\",\"description\":\"Imprenta Offset y digital en Alicante\",\"publisher\":{\"@id\":\"https:\\\/\\\/ingra.net\\\/online\\\/#organization\"},\"alternateName\":\"INGRA\",\"potentialAction\":[{\"@type\":\"SearchAction\",\"target\":{\"@type\":\"EntryPoint\",\"urlTemplate\":\"https:\\\/\\\/ingra.net\\\/online\\\/?s={search_term_string}\"},\"query-input\":{\"@type\":\"PropertyValueSpecification\",\"valueRequired\":true,\"valueName\":\"search_term_string\"}}],\"inLanguage\":\"es\"},{\"@type\":\"Organization\",\"@id\":\"https:\\\/\\\/ingra.net\\\/online\\\/#organization\",\"name\":\"Ingra Impresores\",\"alternateName\":\"Ingra impresores\",\"url\":\"https:\\\/\\\/ingra.net\\\/online\\\/\",\"logo\":{\"@type\":\"ImageObject\",\"inLanguage\":\"es\",\"@id\":\"https:\\\/\\\/ingra.net\\\/online\\\/#\\\/schema\\\/logo\\\/image\\\/\",\"url\":\"https:\\\/\\\/ingra.net\\\/online\\\/wp-content\\\/uploads\\\/2012\\\/11\\\/logo.png\",\"contentUrl\":\"https:\\\/\\\/ingra.net\\\/online\\\/wp-content\\\/uploads\\\/2012\\\/11\\\/logo.png\",\"width\":360,\"height\":105,\"caption\":\"Ingra Impresores\"},\"image\":{\"@id\":\"https:\\\/\\\/ingra.net\\\/online\\\/#\\\/schema\\\/logo\\\/image\\\/\"},\"sameAs\":[\"https:\\\/\\\/www.facebook.com\\\/INGRAIMPRESORES\",\"https:\\\/\\\/x.com\\\/IngraImpresores\",\"https:\\\/\\\/www.instagram.com\\\/ingraimpresoresalicante\\\/\"]},{\"@type\":\"Person\",\"@id\":\"https:\\\/\\\/ingra.net\\\/online\\\/#\\\/schema\\\/person\\\/cb8ac7bf3c7e33e7c44c2d7d1f3875b6\",\"name\":\"admin\",\"image\":{\"@type\":\"ImageObject\",\"inLanguage\":\"es\",\"@id\":\"https:\\\/\\\/secure.gravatar.com\\\/avatar\\\/e9eec13b36f2a04432f14b26941bc1216f5d1a2c9f931a262b3511cbf47cdce9?s=96&d=mm&r=g\",\"url\":\"https:\\\/\\\/secure.gravatar.com\\\/avatar\\\/e9eec13b36f2a04432f14b26941bc1216f5d1a2c9f931a262b3511cbf47cdce9?s=96&d=mm&r=g\",\"contentUrl\":\"https:\\\/\\\/secure.gravatar.com\\\/avatar\\\/e9eec13b36f2a04432f14b26941bc1216f5d1a2c9f931a262b3511cbf47cdce9?s=96&d=mm&r=g\",\"caption\":\"admin\"},\"url\":\"https:\\\/\\\/ingra.net\\\/online\\\/author\\\/admin\\\/\"}]}<\/script>\n<!-- \/ Yoast SEO plugin. -->","yoast_head_json":{"title":"Adelanta la Navidad , | Ingra Impresores","robots":{"index":"index","follow":"follow","max-snippet":"max-snippet:-1","max-image-preview":"max-image-preview:large","max-video-preview":"max-video-preview:-1"},"canonical":"https:\/\/ingra.net\/online\/adelanta-la-navidad\/","og_locale":"es_ES","og_type":"article","og_title":"Adelanta la Navidad , | Ingra Impresores","og_description":"No dejes para \u00faltima hora tus pedidos de Navidad: Tarjetas de felicitaci\u00f3n, sobres, calendarios, agendas, memorias, blocs de notas, etc.Adem\u00e1s si tienes alguna duda con que hacer esta Navidad te podemos dar unas cuantas opciones.","og_url":"https:\/\/ingra.net\/online\/adelanta-la-navidad\/","og_site_name":"Ingra Impresores","article_publisher":"https:\/\/www.facebook.com\/INGRAIMPRESORES","article_published_time":"2009-11-25T10:24:59+00:00","og_image":[{"url":"http:\/\/ingra.net\/online\/wp-content\/uploads\/2009\/05\/contacto3.jpg","type":"","width":"","height":""}],"author":"admin","twitter_card":"summary_large_image","twitter_creator":"@IngraImpresores","twitter_site":"@IngraImpresores","twitter_misc":{"Escrito por":"admin"},"schema":{"@context":"https:\/\/schema.org","@graph":[{"@type":"Article","@id":"https:\/\/ingra.net\/online\/adelanta-la-navidad\/#article","isPartOf":{"@id":"https:\/\/ingra.net\/online\/adelanta-la-navidad\/"},"author":{"name":"admin","@id":"https:\/\/ingra.net\/online\/#\/schema\/person\/cb8ac7bf3c7e33e7c44c2d7d1f3875b6"},"headline":"Adelanta la Navidad ,","datePublished":"2009-11-25T10:24:59+00:00","mainEntityOfPage":{"@id":"https:\/\/ingra.net\/online\/adelanta-la-navidad\/"},"wordCount":92,"commentCount":0,"publisher":{"@id":"https:\/\/ingra.net\/online\/#organization"},"image":{"@id":"https:\/\/ingra.net\/online\/adelanta-la-navidad\/#primaryimage"},"thumbnailUrl":"http:\/\/ingra.net\/online\/wp-content\/uploads\/2009\/05\/contacto3.jpg","keywords":["agendas","alicante","digital","felicitaciones","libros","memorias","met\u00e1licos","navidad","offset","reciclados","tarjetas","tarjetones","verjurados"],"articleSection":["Comunicados"],"inLanguage":"es","potentialAction":[{"@type":"CommentAction","name":"Comment","target":["https:\/\/ingra.net\/online\/adelanta-la-navidad\/#respond"]}]},{"@type":"WebPage","@id":"https:\/\/ingra.net\/online\/adelanta-la-navidad\/","url":"https:\/\/ingra.net\/online\/adelanta-la-navidad\/","name":"Adelanta la Navidad , | Ingra Impresores","isPartOf":{"@id":"https:\/\/ingra.net\/online\/#website"},"primaryImageOfPage":{"@id":"https:\/\/ingra.net\/online\/adelanta-la-navidad\/#primaryimage"},"image":{"@id":"https:\/\/ingra.net\/online\/adelanta-la-navidad\/#primaryimage"},"thumbnailUrl":"http:\/\/ingra.net\/online\/wp-content\/uploads\/2009\/05\/contacto3.jpg","datePublished":"2009-11-25T10:24:59+00:00","breadcrumb":{"@id":"https:\/\/ingra.net\/online\/adelanta-la-navidad\/#breadcrumb"},"inLanguage":"es","potentialAction":[{"@type":"ReadAction","target":["https:\/\/ingra.net\/online\/adelanta-la-navidad\/"]}]},{"@type":"ImageObject","inLanguage":"es","@id":"https:\/\/ingra.net\/online\/adelanta-la-navidad\/#primaryimage","url":"https:\/\/ingra.net\/online\/wp-content\/uploads\/2009\/05\/contacto3.jpg","contentUrl":"https:\/\/ingra.net\/online\/wp-content\/uploads\/2009\/05\/contacto3.jpg","width":450,"height":200},{"@type":"BreadcrumbList","@id":"https:\/\/ingra.net\/online\/adelanta-la-navidad\/#breadcrumb","itemListElement":[{"@type":"ListItem","position":1,"name":"Portada","item":"https:\/\/ingra.net\/online\/"},{"@type":"ListItem","position":2,"name":"Adelanta la Navidad ,"}]},{"@type":"WebSite","@id":"https:\/\/ingra.net\/online\/#website","url":"https:\/\/ingra.net\/online\/","name":"Ingra Impresores","description":"Imprenta Offset y digital en Alicante","publisher":{"@id":"https:\/\/ingra.net\/online\/#organization"},"alternateName":"INGRA","potentialAction":[{"@type":"SearchAction","target":{"@type":"EntryPoint","urlTemplate":"https:\/\/ingra.net\/online\/?s={search_term_string}"},"query-input":{"@type":"PropertyValueSpecification","valueRequired":true,"valueName":"search_term_string"}}],"inLanguage":"es"},{"@type":"Organization","@id":"https:\/\/ingra.net\/online\/#organization","name":"Ingra Impresores","alternateName":"Ingra impresores","url":"https:\/\/ingra.net\/online\/","logo":{"@type":"ImageObject","inLanguage":"es","@id":"https:\/\/ingra.net\/online\/#\/schema\/logo\/image\/","url":"https:\/\/ingra.net\/online\/wp-content\/uploads\/2012\/11\/logo.png","contentUrl":"https:\/\/ingra.net\/online\/wp-content\/uploads\/2012\/11\/logo.png","width":360,"height":105,"caption":"Ingra Impresores"},"image":{"@id":"https:\/\/ingra.net\/online\/#\/schema\/logo\/image\/"},"sameAs":["https:\/\/www.facebook.com\/INGRAIMPRESORES","https:\/\/x.com\/IngraImpresores","https:\/\/www.instagram.com\/ingraimpresoresalicante\/"]},{"@type":"Person","@id":"https:\/\/ingra.net\/online\/#\/schema\/person\/cb8ac7bf3c7e33e7c44c2d7d1f3875b6","name":"admin","image":{"@type":"ImageObject","inLanguage":"es","@id":"https:\/\/secure.gravatar.com\/avatar\/e9eec13b36f2a04432f14b26941bc1216f5d1a2c9f931a262b3511cbf47cdce9?s=96&d=mm&r=g","url":"https:\/\/secure.gravatar.com\/avatar\/e9eec13b36f2a04432f14b26941bc1216f5d1a2c9f931a262b3511cbf47cdce9?s=96&d=mm&r=g","contentUrl":"https:\/\/secure.gravatar.com\/avatar\/e9eec13b36f2a04432f14b26941bc1216f5d1a2c9f931a262b3511cbf47cdce9?s=96&d=mm&r=g","caption":"admin"},"url":"https:\/\/ingra.net\/online\/author\/admin\/"}]}},"_links":{"self":[{"href":"https:\/\/ingra.net\/online\/wp-json\/wp\/v2\/posts\/166","targetHints":{"allow":["GET"]}}],"collection":[{"href":"https:\/\/ingra.net\/online\/wp-json\/wp\/v2\/posts"}],"about":[{"href":"https:\/\/ingra.net\/online\/wp-json\/wp\/v2\/types\/post"}],"author":[{"embeddable":true,"href":"https:\/\/ingra.net\/online\/wp-json\/wp\/v2\/users\/1"}],"replies":[{"embeddable":true,"href":"https:\/\/ingra.net\/online\/wp-json\/wp\/v2\/comments?post=166"}],"version-history":[{"count":0,"href":"https:\/\/ingra.net\/online\/wp-json\/wp\/v2\/posts\/166\/revisions"}],"wp:attachment":[{"href":"https:\/\/ingra.net\/online\/wp-json\/wp\/v2\/media?parent=166"}],"wp:term":[{"taxonomy":"category","embeddable":true,"href":"https:\/\/ingra.net\/online\/wp-json\/wp\/v2\/categories?post=166"},{"taxonomy":"post_tag","embeddable":true,"href":"https:\/\/ingra.net\/online\/wp-json\/wp\/v2\/tags?post=166"}],"curies":[{"name":"wp","href":"https:\/\/api.w.org\/{rel}","templated":true}]}}