{"id":1604,"date":"2015-10-27T11:55:19","date_gmt":"2015-10-27T11:55:19","guid":{"rendered":"http:\/\/ingra.net\/online\/?p=1604"},"modified":"2016-07-23T18:58:52","modified_gmt":"2016-07-23T18:58:52","slug":"antalis-socio-oficial-de-la-conferencia-sobre-cambio-climatico-cop21-paris-2015","status":"publish","type":"post","link":"https:\/\/ingra.net\/online\/antalis-socio-oficial-de-la-conferencia-sobre-cambio-climatico-cop21-paris-2015\/","title":{"rendered":"Antalis, socio oficial de la conferencia sobre cambio clim\u00e1tico COP21. Paris 2015"},"content":{"rendered":"<p>nota de prensa Antalis.<\/p>\n<p>&nbsp;<\/p>\n<p style=\"text-align: justify;\">Antalis, l\u00edder europeo en distribuci\u00f3n de papel, soluciones de embalaje y soportes de comunicaci\u00f3n visual para profesionales, se convierte en\u00a0<span style=\"text-decoration: underline;\"><strong><a href=\"http:\/\/www.cop21.gouv.fr\/es\/socios\/empresas-y-mecenas\">socio oficial<\/a><\/strong><\/span>\u00a0de la Convenci\u00f3n Marco de Naciones Unidas sobre el Cambio Clim\u00e1tico de 2015\u00a0<strong>(<\/strong><strong><span style=\"text-decoration: underline;\"><a href=\"http:\/\/www.cop21.gouv.fr\/es\">COP21<\/a><\/span><\/strong><strong>)<\/strong>\u00a0\u00a0proporcionando todo el papel que se utilizar\u00e1 en la impresi\u00f3n de documentos durante el transcurso de este gran evento internacional. Acorde con la tem\u00e1tica del mismo y con los compromisos de eco-responsabilidad de Antalis, el papel utilizado para la papeler\u00eda, p\u00f3sters, folletos y resto de comunicaciones impresas, tendr\u00e1 una clasificaci\u00f3n de 5 estrellas dentro del Green Star System\u2122 de Antalis. Ser\u00e1 papel reciclado y tendr\u00e1 la Etiqueta Ecol\u00f3gica Europea.<\/p>\n<p style=\"text-align: justify;\"><strong>Un hito en el cambio clim\u00e1tico<\/strong><\/p>\n<p style=\"text-align: justify;\">La 21\u00aa sesi\u00f3n de la Conferencia de las Partes sobre el Cambio Clim\u00e1tico en el marco de las Naciones Unidas (COP21\/CMP11), conocida como \u201cParis 2015\u201d, tendr\u00e1 lugar en Francia del 30 de Noviembre al 11 de Diciembre. El objetivo de la conferencia es ambicioso pero crucial: la adopci\u00f3n de un acuerdo clim\u00e1tico universal y vinculante para limitar el incremento de la temperatura global a 2 grados cent\u00edgrados.<\/p>\n<p style=\"text-align: justify;\">Las empresas contribuyen directa o indirectamente al calentamiento global y son, adem\u00e1s, actores principales en el dise\u00f1o de soluciones efectivas. Es fundamental, para todas ellas, dirigir sus actividades de negocio de un modo responsable y asegurar una reducci\u00f3n al m\u00ednimo del impacto sobre el medioambiente. Como l\u00edder europeo en distribuci\u00f3n de papel, Antalis se implica al m\u00e1ximo y se propone ser la voz de la industria del papel desmintiendo todos los mitos que acusan a la industria de ser una de las principales causas de la deforestaci\u00f3n y del calentamiento global.<\/p>\n<p style=\"text-align: justify;\"><em>\u201cAntalis, y la industria del papel en general, debe liderar con el ejemplo y continuar sus esfuerzos para reducir el impacto medioambiental a trav\u00e9s, por ejemplo, del uso creciente de la cogeneraci\u00f3n y las fuentes de energ\u00edas renovables y promover el uso de papel reciclado, cuyo impacto en el medioambiente es realmente bajo\u201d,\u00a0<\/em>explica Herv\u00e9 Poncin, Chief Operation Officer de Antalis Internacional.\u00a0<em>\u201cLa responsabilidad con el medioambiente es un compromiso que debe estar grabado dentro del ADN de cada compa\u00f1\u00eda, si vamos a hacer una contribuci\u00f3n duradera a la preservaci\u00f3n del planeta y a la reducci\u00f3n del calentamiento global. Antalis se siente orgullosa de apoyar la COP21 y sus ambiciosos objetivos\u201d.<\/em><\/p>\n<p style=\"text-align: justify;\"><strong>El compromiso de Eco-responsabilidad de Antalis<\/strong><\/p>\n<p style=\"text-align: justify;\"><strong>La preservaci\u00f3n de los recursos naturales: una prioridad<\/strong><strong>\u00a0<\/strong><\/p>\n<p style=\"text-align: justify;\">Como la madera es la principal materia prima para la producci\u00f3n del papel, Antalis tiene como objetivo proporcionar una absoluta transparencia y trazabilidad de sus fuentes, as\u00ed como fomentar el uso de papeles eco-responsables:<\/p>\n<p style=\"text-align: justify;\"><strong>\u2022\u00a0Antalis promueve el uso de papeles reciclados\u00a0<\/strong>y ofrece la m\u00e1s amplia gama de productos eco-responsables del mercado.<\/p>\n<p style=\"text-align: justify;\"><strong>\u2022\u00a0El grupo se compromete a garantizar la ausencia de madera procedente de bosques naturales,\u00a0<\/strong>asegurando el 100% de trazabilidad de su cadena de suministro gracias a su plataforma de proveedores Myrmex.<\/p>\n<p style=\"text-align: justify;\"><strong>\u2022\u00a0Antalis promueve el desarrollo de la gesti\u00f3n responsable de los bosques\u00a0<\/strong>y a d\u00eda de hoy, el 75% de los productos distribuidos por Antalis tienen la certificaci\u00f3n FSC<sup>\u00ae<\/sup>o PEFC, y el 46% tiene la Etiqueta Ecol\u00f3gica Europea.<\/p>\n<div>\n<p style=\"text-align: justify;\"><strong>Herramientas para aumentar la conciencia general<\/strong><\/p>\n<p style=\"text-align: justify;\">Antalis ha dise\u00f1ado numerosas herramientas ya disponibles para aumentar la conciencia de sus clientes, colaboradores y p\u00fablico general y ayudarles a hacer sus elecciones m\u00e1s eco-responsables, que incluyen:<\/p>\n<p style=\"text-align: justify;\"><strong>\u2022\u00a0<\/strong>El\u00a0<a href=\"http:\/\/www.antalis.es\/business\/inicio\/medioambiente\/green-connection\/antalis-green-star-system.html\"><strong>Green Star System\u2122<\/strong><\/a>, el sistema de clasificaci\u00f3n que incorpora informaci\u00f3n importante sobre el origen de las fibras y el proceso de fabricaci\u00f3n y atribuye a cada producto de papel un n\u00famero de estrellas de cero a cinco en funci\u00f3n de su comportamiento medioambiental.<\/p>\n<p style=\"text-align: justify;\"><strong>\u2022\u00a0<\/strong>El\u00a0<a href=\"http:\/\/www.antalis.es\/files\/live\/sites\/Master_Antalis\/files\/1-WEB\/6-Environment\/White%20Paper\/AT-WHITE-PAPER-ES.pdf\"><strong>Green White Paper<\/strong><\/a>\u00a0que explica las ventajas de integrar el papel dentro de la estrategia RSC de una compa\u00f1\u00eda, particularmente en un momento en el que nos movemos hacia los medios digitales y las pol\u00edticas de cero papel.<\/p>\n<p style=\"text-align: justify;\"><strong>\u2022\u00a0<\/strong>Un\u00a0<a href=\"http:\/\/www.antalis.es\/business\/inicio\/medioambiente\/video-sabia-que.html\"><strong>innovador v\u00eddeo<\/strong><\/a>, producido por Antalis, que aclara muchos de los mitos sobre la industria del papel, utilizando datos recogidos en estudios que han sido corroborados por diversas autoridades medioambientales.<\/p>\n<p style=\"text-align: justify;\">Para m\u00e1s informaci\u00f3n sobre COP 21, visite\u00a0<span style=\"text-decoration: underline;\"><strong><a href=\"http:\/\/www.cop21.gouv.fr\/es\">http:\/\/www.cop21.gouv.fr\/es<\/a><\/strong><\/span><\/p>\n<p style=\"text-align: justify;\">Para ver la lista completa de colaboradores, visite<span style=\"text-decoration: underline;\"><strong><a href=\"http:\/\/www.cop21.gouv.fr\/es\/socios\/empresas-y-mecenas\">http:\/\/www.cop21.gouv.fr\/es\/socios\/empresas-y-mecenas<\/a><\/strong><\/span><\/p>\n<\/div>\n","protected":false},"excerpt":{"rendered":"<p>nota de prensa Antalis. &nbsp; Antalis, l\u00edder europeo en distribuci\u00f3n de papel, soluciones de embalaje y soportes de comunicaci\u00f3n visual<\/p>\n","protected":false},"author":2,"featured_media":1833,"comment_status":"open","ping_status":"open","sticky":false,"template":"","format":"standard","meta":{"_monsterinsights_skip_tracking":false,"_monsterinsights_sitenote_active":false,"_monsterinsights_sitenote_note":"","_monsterinsights_sitenote_category":0,"footnotes":""},"categories":[18],"tags":[388,387],"class_list":["post-1604","post","type-post","status-publish","format-standard","has-post-thumbnail","hentry","category-general","tag-ecologico","tag-papeles-reciclados"],"yoast_head":"<!-- This site is optimized with the Yoast SEO plugin v27.4 - https:\/\/yoast.com\/product\/yoast-seo-wordpress\/ -->\n<title>Antalis, socio oficial de la conferencia sobre cambio clim\u00e1tico COP21. Paris 2015 | Ingra Impresores<\/title>\n<meta name=\"robots\" content=\"index, follow, max-snippet:-1, max-image-preview:large, max-video-preview:-1\" \/>\n<link rel=\"canonical\" href=\"https:\/\/ingra.net\/online\/antalis-socio-oficial-de-la-conferencia-sobre-cambio-climatico-cop21-paris-2015\/\" \/>\n<meta property=\"og:locale\" content=\"es_ES\" \/>\n<meta property=\"og:type\" content=\"article\" \/>\n<meta property=\"og:title\" content=\"Antalis, socio oficial de la conferencia sobre cambio clim\u00e1tico COP21. Paris 2015 | Ingra Impresores\" \/>\n<meta property=\"og:description\" content=\"nota de prensa Antalis. &nbsp; Antalis, l\u00edder europeo en distribuci\u00f3n de papel, soluciones de embalaje y soportes de comunicaci\u00f3n visual\" \/>\n<meta property=\"og:url\" content=\"https:\/\/ingra.net\/online\/antalis-socio-oficial-de-la-conferencia-sobre-cambio-climatico-cop21-paris-2015\/\" \/>\n<meta property=\"og:site_name\" content=\"Ingra Impresores\" \/>\n<meta property=\"article:publisher\" content=\"https:\/\/www.facebook.com\/INGRAIMPRESORES\" \/>\n<meta property=\"article:published_time\" content=\"2015-10-27T11:55:19+00:00\" \/>\n<meta property=\"article:modified_time\" content=\"2016-07-23T18:58:52+00:00\" \/>\n<meta property=\"og:image\" content=\"https:\/\/ingra.net\/online\/wp-content\/uploads\/2015\/10\/151130071853__86855548_gettyimages-494954212.jpg\" \/>\n\t<meta property=\"og:image:width\" content=\"660\" \/>\n\t<meta property=\"og:image:height\" content=\"371\" \/>\n\t<meta property=\"og:image:type\" content=\"image\/jpeg\" \/>\n<meta name=\"author\" content=\"marketing\" \/>\n<meta name=\"twitter:card\" content=\"summary_large_image\" \/>\n<meta name=\"twitter:creator\" content=\"@IngraImpresores\" \/>\n<meta name=\"twitter:site\" content=\"@IngraImpresores\" \/>\n<meta name=\"twitter:label1\" content=\"Escrito por\" \/>\n\t<meta name=\"twitter:data1\" content=\"marketing\" \/>\n\t<meta name=\"twitter:label2\" content=\"Tiempo de lectura\" \/>\n\t<meta name=\"twitter:data2\" content=\"4 minutos\" \/>\n<script type=\"application\/ld+json\" class=\"yoast-schema-graph\">{\"@context\":\"https:\\\/\\\/schema.org\",\"@graph\":[{\"@type\":\"Article\",\"@id\":\"https:\\\/\\\/ingra.net\\\/online\\\/antalis-socio-oficial-de-la-conferencia-sobre-cambio-climatico-cop21-paris-2015\\\/#article\",\"isPartOf\":{\"@id\":\"https:\\\/\\\/ingra.net\\\/online\\\/antalis-socio-oficial-de-la-conferencia-sobre-cambio-climatico-cop21-paris-2015\\\/\"},\"author\":{\"name\":\"marketing\",\"@id\":\"https:\\\/\\\/ingra.net\\\/online\\\/#\\\/schema\\\/person\\\/b0aa22185c5cc21a074904b5d6618a93\"},\"headline\":\"Antalis, socio oficial de la conferencia sobre cambio clim\u00e1tico COP21. Paris 2015\",\"datePublished\":\"2015-10-27T11:55:19+00:00\",\"dateModified\":\"2016-07-23T18:58:52+00:00\",\"mainEntityOfPage\":{\"@id\":\"https:\\\/\\\/ingra.net\\\/online\\\/antalis-socio-oficial-de-la-conferencia-sobre-cambio-climatico-cop21-paris-2015\\\/\"},\"wordCount\":750,\"commentCount\":0,\"publisher\":{\"@id\":\"https:\\\/\\\/ingra.net\\\/online\\\/#organization\"},\"image\":{\"@id\":\"https:\\\/\\\/ingra.net\\\/online\\\/antalis-socio-oficial-de-la-conferencia-sobre-cambio-climatico-cop21-paris-2015\\\/#primaryimage\"},\"thumbnailUrl\":\"https:\\\/\\\/ingra.net\\\/online\\\/wp-content\\\/uploads\\\/2015\\\/10\\\/151130071853__86855548_gettyimages-494954212.jpg\",\"keywords\":[\"ecol\u00f3gico\",\"papeles reciclados\"],\"articleSection\":[\"General\"],\"inLanguage\":\"es\",\"potentialAction\":[{\"@type\":\"CommentAction\",\"name\":\"Comment\",\"target\":[\"https:\\\/\\\/ingra.net\\\/online\\\/antalis-socio-oficial-de-la-conferencia-sobre-cambio-climatico-cop21-paris-2015\\\/#respond\"]}]},{\"@type\":\"WebPage\",\"@id\":\"https:\\\/\\\/ingra.net\\\/online\\\/antalis-socio-oficial-de-la-conferencia-sobre-cambio-climatico-cop21-paris-2015\\\/\",\"url\":\"https:\\\/\\\/ingra.net\\\/online\\\/antalis-socio-oficial-de-la-conferencia-sobre-cambio-climatico-cop21-paris-2015\\\/\",\"name\":\"Antalis, socio oficial de la conferencia sobre cambio clim\u00e1tico COP21. Paris 2015 | Ingra Impresores\",\"isPartOf\":{\"@id\":\"https:\\\/\\\/ingra.net\\\/online\\\/#website\"},\"primaryImageOfPage\":{\"@id\":\"https:\\\/\\\/ingra.net\\\/online\\\/antalis-socio-oficial-de-la-conferencia-sobre-cambio-climatico-cop21-paris-2015\\\/#primaryimage\"},\"image\":{\"@id\":\"https:\\\/\\\/ingra.net\\\/online\\\/antalis-socio-oficial-de-la-conferencia-sobre-cambio-climatico-cop21-paris-2015\\\/#primaryimage\"},\"thumbnailUrl\":\"https:\\\/\\\/ingra.net\\\/online\\\/wp-content\\\/uploads\\\/2015\\\/10\\\/151130071853__86855548_gettyimages-494954212.jpg\",\"datePublished\":\"2015-10-27T11:55:19+00:00\",\"dateModified\":\"2016-07-23T18:58:52+00:00\",\"breadcrumb\":{\"@id\":\"https:\\\/\\\/ingra.net\\\/online\\\/antalis-socio-oficial-de-la-conferencia-sobre-cambio-climatico-cop21-paris-2015\\\/#breadcrumb\"},\"inLanguage\":\"es\",\"potentialAction\":[{\"@type\":\"ReadAction\",\"target\":[\"https:\\\/\\\/ingra.net\\\/online\\\/antalis-socio-oficial-de-la-conferencia-sobre-cambio-climatico-cop21-paris-2015\\\/\"]}]},{\"@type\":\"ImageObject\",\"inLanguage\":\"es\",\"@id\":\"https:\\\/\\\/ingra.net\\\/online\\\/antalis-socio-oficial-de-la-conferencia-sobre-cambio-climatico-cop21-paris-2015\\\/#primaryimage\",\"url\":\"https:\\\/\\\/ingra.net\\\/online\\\/wp-content\\\/uploads\\\/2015\\\/10\\\/151130071853__86855548_gettyimages-494954212.jpg\",\"contentUrl\":\"https:\\\/\\\/ingra.net\\\/online\\\/wp-content\\\/uploads\\\/2015\\\/10\\\/151130071853__86855548_gettyimages-494954212.jpg\",\"width\":660,\"height\":371},{\"@type\":\"BreadcrumbList\",\"@id\":\"https:\\\/\\\/ingra.net\\\/online\\\/antalis-socio-oficial-de-la-conferencia-sobre-cambio-climatico-cop21-paris-2015\\\/#breadcrumb\",\"itemListElement\":[{\"@type\":\"ListItem\",\"position\":1,\"name\":\"Portada\",\"item\":\"https:\\\/\\\/ingra.net\\\/online\\\/\"},{\"@type\":\"ListItem\",\"position\":2,\"name\":\"Antalis, socio oficial de la conferencia sobre cambio clim\u00e1tico COP21. Paris 2015\"}]},{\"@type\":\"WebSite\",\"@id\":\"https:\\\/\\\/ingra.net\\\/online\\\/#website\",\"url\":\"https:\\\/\\\/ingra.net\\\/online\\\/\",\"name\":\"Ingra Impresores\",\"description\":\"Imprenta Offset y digital en Alicante\",\"publisher\":{\"@id\":\"https:\\\/\\\/ingra.net\\\/online\\\/#organization\"},\"alternateName\":\"INGRA\",\"potentialAction\":[{\"@type\":\"SearchAction\",\"target\":{\"@type\":\"EntryPoint\",\"urlTemplate\":\"https:\\\/\\\/ingra.net\\\/online\\\/?s={search_term_string}\"},\"query-input\":{\"@type\":\"PropertyValueSpecification\",\"valueRequired\":true,\"valueName\":\"search_term_string\"}}],\"inLanguage\":\"es\"},{\"@type\":\"Organization\",\"@id\":\"https:\\\/\\\/ingra.net\\\/online\\\/#organization\",\"name\":\"Ingra Impresores\",\"alternateName\":\"Ingra impresores\",\"url\":\"https:\\\/\\\/ingra.net\\\/online\\\/\",\"logo\":{\"@type\":\"ImageObject\",\"inLanguage\":\"es\",\"@id\":\"https:\\\/\\\/ingra.net\\\/online\\\/#\\\/schema\\\/logo\\\/image\\\/\",\"url\":\"https:\\\/\\\/ingra.net\\\/online\\\/wp-content\\\/uploads\\\/2012\\\/11\\\/logo.png\",\"contentUrl\":\"https:\\\/\\\/ingra.net\\\/online\\\/wp-content\\\/uploads\\\/2012\\\/11\\\/logo.png\",\"width\":360,\"height\":105,\"caption\":\"Ingra Impresores\"},\"image\":{\"@id\":\"https:\\\/\\\/ingra.net\\\/online\\\/#\\\/schema\\\/logo\\\/image\\\/\"},\"sameAs\":[\"https:\\\/\\\/www.facebook.com\\\/INGRAIMPRESORES\",\"https:\\\/\\\/x.com\\\/IngraImpresores\",\"https:\\\/\\\/www.instagram.com\\\/ingraimpresoresalicante\\\/\"]},{\"@type\":\"Person\",\"@id\":\"https:\\\/\\\/ingra.net\\\/online\\\/#\\\/schema\\\/person\\\/b0aa22185c5cc21a074904b5d6618a93\",\"name\":\"marketing\",\"image\":{\"@type\":\"ImageObject\",\"inLanguage\":\"es\",\"@id\":\"https:\\\/\\\/secure.gravatar.com\\\/avatar\\\/404d02c0b1dc05b717a481cb9d9fa33d8a40b9c6ce9fcaf992f623f29d653695?s=96&d=mm&r=g\",\"url\":\"https:\\\/\\\/secure.gravatar.com\\\/avatar\\\/404d02c0b1dc05b717a481cb9d9fa33d8a40b9c6ce9fcaf992f623f29d653695?s=96&d=mm&r=g\",\"contentUrl\":\"https:\\\/\\\/secure.gravatar.com\\\/avatar\\\/404d02c0b1dc05b717a481cb9d9fa33d8a40b9c6ce9fcaf992f623f29d653695?s=96&d=mm&r=g\",\"caption\":\"marketing\"},\"url\":\"https:\\\/\\\/ingra.net\\\/online\\\/author\\\/marketing\\\/\"}]}<\/script>\n<!-- \/ Yoast SEO plugin. -->","yoast_head_json":{"title":"Antalis, socio oficial de la conferencia sobre cambio clim\u00e1tico COP21. Paris 2015 | Ingra Impresores","robots":{"index":"index","follow":"follow","max-snippet":"max-snippet:-1","max-image-preview":"max-image-preview:large","max-video-preview":"max-video-preview:-1"},"canonical":"https:\/\/ingra.net\/online\/antalis-socio-oficial-de-la-conferencia-sobre-cambio-climatico-cop21-paris-2015\/","og_locale":"es_ES","og_type":"article","og_title":"Antalis, socio oficial de la conferencia sobre cambio clim\u00e1tico COP21. Paris 2015 | Ingra Impresores","og_description":"nota de prensa Antalis. &nbsp; Antalis, l\u00edder europeo en distribuci\u00f3n de papel, soluciones de embalaje y soportes de comunicaci\u00f3n visual","og_url":"https:\/\/ingra.net\/online\/antalis-socio-oficial-de-la-conferencia-sobre-cambio-climatico-cop21-paris-2015\/","og_site_name":"Ingra Impresores","article_publisher":"https:\/\/www.facebook.com\/INGRAIMPRESORES","article_published_time":"2015-10-27T11:55:19+00:00","article_modified_time":"2016-07-23T18:58:52+00:00","og_image":[{"width":660,"height":371,"url":"https:\/\/ingra.net\/online\/wp-content\/uploads\/2015\/10\/151130071853__86855548_gettyimages-494954212.jpg","type":"image\/jpeg"}],"author":"marketing","twitter_card":"summary_large_image","twitter_creator":"@IngraImpresores","twitter_site":"@IngraImpresores","twitter_misc":{"Escrito por":"marketing","Tiempo de lectura":"4 minutos"},"schema":{"@context":"https:\/\/schema.org","@graph":[{"@type":"Article","@id":"https:\/\/ingra.net\/online\/antalis-socio-oficial-de-la-conferencia-sobre-cambio-climatico-cop21-paris-2015\/#article","isPartOf":{"@id":"https:\/\/ingra.net\/online\/antalis-socio-oficial-de-la-conferencia-sobre-cambio-climatico-cop21-paris-2015\/"},"author":{"name":"marketing","@id":"https:\/\/ingra.net\/online\/#\/schema\/person\/b0aa22185c5cc21a074904b5d6618a93"},"headline":"Antalis, socio oficial de la conferencia sobre cambio clim\u00e1tico COP21. Paris 2015","datePublished":"2015-10-27T11:55:19+00:00","dateModified":"2016-07-23T18:58:52+00:00","mainEntityOfPage":{"@id":"https:\/\/ingra.net\/online\/antalis-socio-oficial-de-la-conferencia-sobre-cambio-climatico-cop21-paris-2015\/"},"wordCount":750,"commentCount":0,"publisher":{"@id":"https:\/\/ingra.net\/online\/#organization"},"image":{"@id":"https:\/\/ingra.net\/online\/antalis-socio-oficial-de-la-conferencia-sobre-cambio-climatico-cop21-paris-2015\/#primaryimage"},"thumbnailUrl":"https:\/\/ingra.net\/online\/wp-content\/uploads\/2015\/10\/151130071853__86855548_gettyimages-494954212.jpg","keywords":["ecol\u00f3gico","papeles reciclados"],"articleSection":["General"],"inLanguage":"es","potentialAction":[{"@type":"CommentAction","name":"Comment","target":["https:\/\/ingra.net\/online\/antalis-socio-oficial-de-la-conferencia-sobre-cambio-climatico-cop21-paris-2015\/#respond"]}]},{"@type":"WebPage","@id":"https:\/\/ingra.net\/online\/antalis-socio-oficial-de-la-conferencia-sobre-cambio-climatico-cop21-paris-2015\/","url":"https:\/\/ingra.net\/online\/antalis-socio-oficial-de-la-conferencia-sobre-cambio-climatico-cop21-paris-2015\/","name":"Antalis, socio oficial de la conferencia sobre cambio clim\u00e1tico COP21. Paris 2015 | Ingra Impresores","isPartOf":{"@id":"https:\/\/ingra.net\/online\/#website"},"primaryImageOfPage":{"@id":"https:\/\/ingra.net\/online\/antalis-socio-oficial-de-la-conferencia-sobre-cambio-climatico-cop21-paris-2015\/#primaryimage"},"image":{"@id":"https:\/\/ingra.net\/online\/antalis-socio-oficial-de-la-conferencia-sobre-cambio-climatico-cop21-paris-2015\/#primaryimage"},"thumbnailUrl":"https:\/\/ingra.net\/online\/wp-content\/uploads\/2015\/10\/151130071853__86855548_gettyimages-494954212.jpg","datePublished":"2015-10-27T11:55:19+00:00","dateModified":"2016-07-23T18:58:52+00:00","breadcrumb":{"@id":"https:\/\/ingra.net\/online\/antalis-socio-oficial-de-la-conferencia-sobre-cambio-climatico-cop21-paris-2015\/#breadcrumb"},"inLanguage":"es","potentialAction":[{"@type":"ReadAction","target":["https:\/\/ingra.net\/online\/antalis-socio-oficial-de-la-conferencia-sobre-cambio-climatico-cop21-paris-2015\/"]}]},{"@type":"ImageObject","inLanguage":"es","@id":"https:\/\/ingra.net\/online\/antalis-socio-oficial-de-la-conferencia-sobre-cambio-climatico-cop21-paris-2015\/#primaryimage","url":"https:\/\/ingra.net\/online\/wp-content\/uploads\/2015\/10\/151130071853__86855548_gettyimages-494954212.jpg","contentUrl":"https:\/\/ingra.net\/online\/wp-content\/uploads\/2015\/10\/151130071853__86855548_gettyimages-494954212.jpg","width":660,"height":371},{"@type":"BreadcrumbList","@id":"https:\/\/ingra.net\/online\/antalis-socio-oficial-de-la-conferencia-sobre-cambio-climatico-cop21-paris-2015\/#breadcrumb","itemListElement":[{"@type":"ListItem","position":1,"name":"Portada","item":"https:\/\/ingra.net\/online\/"},{"@type":"ListItem","position":2,"name":"Antalis, socio oficial de la conferencia sobre cambio clim\u00e1tico COP21. Paris 2015"}]},{"@type":"WebSite","@id":"https:\/\/ingra.net\/online\/#website","url":"https:\/\/ingra.net\/online\/","name":"Ingra Impresores","description":"Imprenta Offset y digital en Alicante","publisher":{"@id":"https:\/\/ingra.net\/online\/#organization"},"alternateName":"INGRA","potentialAction":[{"@type":"SearchAction","target":{"@type":"EntryPoint","urlTemplate":"https:\/\/ingra.net\/online\/?s={search_term_string}"},"query-input":{"@type":"PropertyValueSpecification","valueRequired":true,"valueName":"search_term_string"}}],"inLanguage":"es"},{"@type":"Organization","@id":"https:\/\/ingra.net\/online\/#organization","name":"Ingra Impresores","alternateName":"Ingra impresores","url":"https:\/\/ingra.net\/online\/","logo":{"@type":"ImageObject","inLanguage":"es","@id":"https:\/\/ingra.net\/online\/#\/schema\/logo\/image\/","url":"https:\/\/ingra.net\/online\/wp-content\/uploads\/2012\/11\/logo.png","contentUrl":"https:\/\/ingra.net\/online\/wp-content\/uploads\/2012\/11\/logo.png","width":360,"height":105,"caption":"Ingra Impresores"},"image":{"@id":"https:\/\/ingra.net\/online\/#\/schema\/logo\/image\/"},"sameAs":["https:\/\/www.facebook.com\/INGRAIMPRESORES","https:\/\/x.com\/IngraImpresores","https:\/\/www.instagram.com\/ingraimpresoresalicante\/"]},{"@type":"Person","@id":"https:\/\/ingra.net\/online\/#\/schema\/person\/b0aa22185c5cc21a074904b5d6618a93","name":"marketing","image":{"@type":"ImageObject","inLanguage":"es","@id":"https:\/\/secure.gravatar.com\/avatar\/404d02c0b1dc05b717a481cb9d9fa33d8a40b9c6ce9fcaf992f623f29d653695?s=96&d=mm&r=g","url":"https:\/\/secure.gravatar.com\/avatar\/404d02c0b1dc05b717a481cb9d9fa33d8a40b9c6ce9fcaf992f623f29d653695?s=96&d=mm&r=g","contentUrl":"https:\/\/secure.gravatar.com\/avatar\/404d02c0b1dc05b717a481cb9d9fa33d8a40b9c6ce9fcaf992f623f29d653695?s=96&d=mm&r=g","caption":"marketing"},"url":"https:\/\/ingra.net\/online\/author\/marketing\/"}]}},"_links":{"self":[{"href":"https:\/\/ingra.net\/online\/wp-json\/wp\/v2\/posts\/1604","targetHints":{"allow":["GET"]}}],"collection":[{"href":"https:\/\/ingra.net\/online\/wp-json\/wp\/v2\/posts"}],"about":[{"href":"https:\/\/ingra.net\/online\/wp-json\/wp\/v2\/types\/post"}],"author":[{"embeddable":true,"href":"https:\/\/ingra.net\/online\/wp-json\/wp\/v2\/users\/2"}],"replies":[{"embeddable":true,"href":"https:\/\/ingra.net\/online\/wp-json\/wp\/v2\/comments?post=1604"}],"version-history":[{"count":0,"href":"https:\/\/ingra.net\/online\/wp-json\/wp\/v2\/posts\/1604\/revisions"}],"wp:featuredmedia":[{"embeddable":true,"href":"https:\/\/ingra.net\/online\/wp-json\/wp\/v2\/media\/1833"}],"wp:attachment":[{"href":"https:\/\/ingra.net\/online\/wp-json\/wp\/v2\/media?parent=1604"}],"wp:term":[{"taxonomy":"category","embeddable":true,"href":"https:\/\/ingra.net\/online\/wp-json\/wp\/v2\/categories?post=1604"},{"taxonomy":"post_tag","embeddable":true,"href":"https:\/\/ingra.net\/online\/wp-json\/wp\/v2\/tags?post=1604"}],"curies":[{"name":"wp","href":"https:\/\/api.w.org\/{rel}","templated":true}]}}