{"id":1290,"date":"2014-05-08T08:50:33","date_gmt":"2014-05-08T08:50:33","guid":{"rendered":"http:\/\/ingra.net\/online\/?p=1290"},"modified":"2014-05-08T08:56:57","modified_gmt":"2014-05-08T08:56:57","slug":"especial-artes-graficas-diario-informacion","status":"publish","type":"post","link":"https:\/\/ingra.net\/online\/especial-artes-graficas-diario-informacion\/","title":{"rendered":"Especial Artes Gr\u00e1ficas Diario Informaci\u00f3n"},"content":{"rendered":"<p>Un a\u00f1o m\u00e1s participamos en el especial del Sector de Artes Gr\u00e1ficas editado por el diario Informaci\u00f3n de Alicante, esta publicaci\u00f3n demuestra que el sector se ha adaptado a los nuevos escenarios de demanda en la provincia y no ha dejado de invertir en la mejora de las tecnolog\u00edas de impresi\u00f3n y en la formaci\u00f3n de sus trabajadores. \u00a0Ingra pertenece a la Asociaci\u00f3n de Industrias de Artes Gr\u00e1ficas y Envases de Cart\u00f3n <a title=\"APEG\" href=\"http:\/\/www.apegalicante.org\">(APEG)<\/a><\/p>\n<p><img loading=\"lazy\" decoding=\"async\" class=\"alignnone size-full wp-image-1291\" title=\"especialartesgraficas2014_web\" src=\"http:\/\/ingra.net\/online\/wp-content\/uploads\/2014\/05\/especialartesgraficas2014_web.jpg\" alt=\"\" width=\"750\" height=\"1021\" srcset=\"https:\/\/ingra.net\/online\/wp-content\/uploads\/2014\/05\/especialartesgraficas2014_web.jpg 750w, https:\/\/ingra.net\/online\/wp-content\/uploads\/2014\/05\/especialartesgraficas2014_web-300x408.jpg 300w, https:\/\/ingra.net\/online\/wp-content\/uploads\/2014\/05\/especialartesgraficas2014_web-600x817.jpg 600w, https:\/\/ingra.net\/online\/wp-content\/uploads\/2014\/05\/especialartesgraficas2014_web-220x300.jpg 220w, https:\/\/ingra.net\/online\/wp-content\/uploads\/2014\/05\/especialartesgraficas2014_web-150x204.jpg 150w\" sizes=\"auto, (max-width: 750px) 100vw, 750px\" \/><\/p>\n","protected":false},"excerpt":{"rendered":"<p>Un a\u00f1o m\u00e1s participamos en el especial del Sector de Artes Gr\u00e1ficas editado por el diario Informaci\u00f3n de Alicante, esta<\/p>\n","protected":false},"author":1,"featured_media":1291,"comment_status":"open","ping_status":"open","sticky":false,"template":"","format":"standard","meta":{"_monsterinsights_skip_tracking":false,"_monsterinsights_sitenote_active":false,"_monsterinsights_sitenote_note":"","_monsterinsights_sitenote_category":0,"footnotes":""},"categories":[17,14],"tags":[347,329,419],"class_list":["post-1290","post","type-post","status-publish","format-standard","has-post-thumbnail","hentry","category-comunicados","category-ingra","tag-apeg","tag-diario-informacion","tag-ingra"],"yoast_head":"<!-- This site is optimized with the Yoast SEO plugin v27.4 - https:\/\/yoast.com\/product\/yoast-seo-wordpress\/ -->\n<title>Especial Artes Gr\u00e1ficas Diario Informaci\u00f3n | Ingra Impresores<\/title>\n<meta name=\"robots\" content=\"index, follow, max-snippet:-1, max-image-preview:large, max-video-preview:-1\" \/>\n<link rel=\"canonical\" href=\"https:\/\/ingra.net\/online\/especial-artes-graficas-diario-informacion\/\" \/>\n<meta property=\"og:locale\" content=\"es_ES\" \/>\n<meta property=\"og:type\" content=\"article\" \/>\n<meta property=\"og:title\" content=\"Especial Artes Gr\u00e1ficas Diario Informaci\u00f3n | Ingra Impresores\" \/>\n<meta property=\"og:description\" content=\"Un a\u00f1o m\u00e1s participamos en el especial del Sector de Artes Gr\u00e1ficas editado por el diario Informaci\u00f3n de Alicante, esta\" \/>\n<meta property=\"og:url\" content=\"https:\/\/ingra.net\/online\/especial-artes-graficas-diario-informacion\/\" \/>\n<meta property=\"og:site_name\" content=\"Ingra Impresores\" \/>\n<meta property=\"article:publisher\" content=\"https:\/\/www.facebook.com\/INGRAIMPRESORES\" \/>\n<meta property=\"article:published_time\" content=\"2014-05-08T08:50:33+00:00\" \/>\n<meta property=\"article:modified_time\" content=\"2014-05-08T08:56:57+00:00\" \/>\n<meta property=\"og:image\" content=\"https:\/\/ingra.net\/online\/wp-content\/uploads\/2014\/05\/especialartesgraficas2014_web.jpg\" \/>\n\t<meta property=\"og:image:width\" content=\"750\" \/>\n\t<meta property=\"og:image:height\" content=\"1021\" \/>\n\t<meta property=\"og:image:type\" content=\"image\/jpeg\" \/>\n<meta name=\"author\" content=\"admin\" \/>\n<meta name=\"twitter:card\" content=\"summary_large_image\" \/>\n<meta name=\"twitter:creator\" content=\"@IngraImpresores\" \/>\n<meta name=\"twitter:site\" content=\"@IngraImpresores\" \/>\n<meta name=\"twitter:label1\" content=\"Escrito por\" \/>\n\t<meta name=\"twitter:data1\" content=\"admin\" \/>\n<script type=\"application\/ld+json\" class=\"yoast-schema-graph\">{\"@context\":\"https:\\\/\\\/schema.org\",\"@graph\":[{\"@type\":\"Article\",\"@id\":\"https:\\\/\\\/ingra.net\\\/online\\\/especial-artes-graficas-diario-informacion\\\/#article\",\"isPartOf\":{\"@id\":\"https:\\\/\\\/ingra.net\\\/online\\\/especial-artes-graficas-diario-informacion\\\/\"},\"author\":{\"name\":\"admin\",\"@id\":\"https:\\\/\\\/ingra.net\\\/online\\\/#\\\/schema\\\/person\\\/cb8ac7bf3c7e33e7c44c2d7d1f3875b6\"},\"headline\":\"Especial Artes Gr\u00e1ficas Diario Informaci\u00f3n\",\"datePublished\":\"2014-05-08T08:50:33+00:00\",\"dateModified\":\"2014-05-08T08:56:57+00:00\",\"mainEntityOfPage\":{\"@id\":\"https:\\\/\\\/ingra.net\\\/online\\\/especial-artes-graficas-diario-informacion\\\/\"},\"wordCount\":91,\"commentCount\":0,\"publisher\":{\"@id\":\"https:\\\/\\\/ingra.net\\\/online\\\/#organization\"},\"image\":{\"@id\":\"https:\\\/\\\/ingra.net\\\/online\\\/especial-artes-graficas-diario-informacion\\\/#primaryimage\"},\"thumbnailUrl\":\"https:\\\/\\\/ingra.net\\\/online\\\/wp-content\\\/uploads\\\/2014\\\/05\\\/especialartesgraficas2014_web.jpg\",\"keywords\":[\"APEG\",\"diario Informaci\u00f3n\",\"ingra\"],\"articleSection\":[\"Comunicados\",\"ingra\"],\"inLanguage\":\"es\",\"potentialAction\":[{\"@type\":\"CommentAction\",\"name\":\"Comment\",\"target\":[\"https:\\\/\\\/ingra.net\\\/online\\\/especial-artes-graficas-diario-informacion\\\/#respond\"]}]},{\"@type\":\"WebPage\",\"@id\":\"https:\\\/\\\/ingra.net\\\/online\\\/especial-artes-graficas-diario-informacion\\\/\",\"url\":\"https:\\\/\\\/ingra.net\\\/online\\\/especial-artes-graficas-diario-informacion\\\/\",\"name\":\"Especial Artes Gr\u00e1ficas Diario Informaci\u00f3n | Ingra Impresores\",\"isPartOf\":{\"@id\":\"https:\\\/\\\/ingra.net\\\/online\\\/#website\"},\"primaryImageOfPage\":{\"@id\":\"https:\\\/\\\/ingra.net\\\/online\\\/especial-artes-graficas-diario-informacion\\\/#primaryimage\"},\"image\":{\"@id\":\"https:\\\/\\\/ingra.net\\\/online\\\/especial-artes-graficas-diario-informacion\\\/#primaryimage\"},\"thumbnailUrl\":\"https:\\\/\\\/ingra.net\\\/online\\\/wp-content\\\/uploads\\\/2014\\\/05\\\/especialartesgraficas2014_web.jpg\",\"datePublished\":\"2014-05-08T08:50:33+00:00\",\"dateModified\":\"2014-05-08T08:56:57+00:00\",\"breadcrumb\":{\"@id\":\"https:\\\/\\\/ingra.net\\\/online\\\/especial-artes-graficas-diario-informacion\\\/#breadcrumb\"},\"inLanguage\":\"es\",\"potentialAction\":[{\"@type\":\"ReadAction\",\"target\":[\"https:\\\/\\\/ingra.net\\\/online\\\/especial-artes-graficas-diario-informacion\\\/\"]}]},{\"@type\":\"ImageObject\",\"inLanguage\":\"es\",\"@id\":\"https:\\\/\\\/ingra.net\\\/online\\\/especial-artes-graficas-diario-informacion\\\/#primaryimage\",\"url\":\"https:\\\/\\\/ingra.net\\\/online\\\/wp-content\\\/uploads\\\/2014\\\/05\\\/especialartesgraficas2014_web.jpg\",\"contentUrl\":\"https:\\\/\\\/ingra.net\\\/online\\\/wp-content\\\/uploads\\\/2014\\\/05\\\/especialartesgraficas2014_web.jpg\",\"width\":750,\"height\":1021},{\"@type\":\"BreadcrumbList\",\"@id\":\"https:\\\/\\\/ingra.net\\\/online\\\/especial-artes-graficas-diario-informacion\\\/#breadcrumb\",\"itemListElement\":[{\"@type\":\"ListItem\",\"position\":1,\"name\":\"Portada\",\"item\":\"https:\\\/\\\/ingra.net\\\/online\\\/\"},{\"@type\":\"ListItem\",\"position\":2,\"name\":\"Especial Artes Gr\u00e1ficas Diario Informaci\u00f3n\"}]},{\"@type\":\"WebSite\",\"@id\":\"https:\\\/\\\/ingra.net\\\/online\\\/#website\",\"url\":\"https:\\\/\\\/ingra.net\\\/online\\\/\",\"name\":\"Ingra Impresores\",\"description\":\"Imprenta Offset y digital en Alicante\",\"publisher\":{\"@id\":\"https:\\\/\\\/ingra.net\\\/online\\\/#organization\"},\"alternateName\":\"INGRA\",\"potentialAction\":[{\"@type\":\"SearchAction\",\"target\":{\"@type\":\"EntryPoint\",\"urlTemplate\":\"https:\\\/\\\/ingra.net\\\/online\\\/?s={search_term_string}\"},\"query-input\":{\"@type\":\"PropertyValueSpecification\",\"valueRequired\":true,\"valueName\":\"search_term_string\"}}],\"inLanguage\":\"es\"},{\"@type\":\"Organization\",\"@id\":\"https:\\\/\\\/ingra.net\\\/online\\\/#organization\",\"name\":\"Ingra Impresores\",\"alternateName\":\"Ingra impresores\",\"url\":\"https:\\\/\\\/ingra.net\\\/online\\\/\",\"logo\":{\"@type\":\"ImageObject\",\"inLanguage\":\"es\",\"@id\":\"https:\\\/\\\/ingra.net\\\/online\\\/#\\\/schema\\\/logo\\\/image\\\/\",\"url\":\"https:\\\/\\\/ingra.net\\\/online\\\/wp-content\\\/uploads\\\/2012\\\/11\\\/logo.png\",\"contentUrl\":\"https:\\\/\\\/ingra.net\\\/online\\\/wp-content\\\/uploads\\\/2012\\\/11\\\/logo.png\",\"width\":360,\"height\":105,\"caption\":\"Ingra Impresores\"},\"image\":{\"@id\":\"https:\\\/\\\/ingra.net\\\/online\\\/#\\\/schema\\\/logo\\\/image\\\/\"},\"sameAs\":[\"https:\\\/\\\/www.facebook.com\\\/INGRAIMPRESORES\",\"https:\\\/\\\/x.com\\\/IngraImpresores\",\"https:\\\/\\\/www.instagram.com\\\/ingraimpresoresalicante\\\/\"]},{\"@type\":\"Person\",\"@id\":\"https:\\\/\\\/ingra.net\\\/online\\\/#\\\/schema\\\/person\\\/cb8ac7bf3c7e33e7c44c2d7d1f3875b6\",\"name\":\"admin\",\"image\":{\"@type\":\"ImageObject\",\"inLanguage\":\"es\",\"@id\":\"https:\\\/\\\/secure.gravatar.com\\\/avatar\\\/e9eec13b36f2a04432f14b26941bc1216f5d1a2c9f931a262b3511cbf47cdce9?s=96&d=mm&r=g\",\"url\":\"https:\\\/\\\/secure.gravatar.com\\\/avatar\\\/e9eec13b36f2a04432f14b26941bc1216f5d1a2c9f931a262b3511cbf47cdce9?s=96&d=mm&r=g\",\"contentUrl\":\"https:\\\/\\\/secure.gravatar.com\\\/avatar\\\/e9eec13b36f2a04432f14b26941bc1216f5d1a2c9f931a262b3511cbf47cdce9?s=96&d=mm&r=g\",\"caption\":\"admin\"},\"url\":\"https:\\\/\\\/ingra.net\\\/online\\\/author\\\/admin\\\/\"}]}<\/script>\n<!-- \/ Yoast SEO plugin. -->","yoast_head_json":{"title":"Especial Artes Gr\u00e1ficas Diario Informaci\u00f3n | Ingra Impresores","robots":{"index":"index","follow":"follow","max-snippet":"max-snippet:-1","max-image-preview":"max-image-preview:large","max-video-preview":"max-video-preview:-1"},"canonical":"https:\/\/ingra.net\/online\/especial-artes-graficas-diario-informacion\/","og_locale":"es_ES","og_type":"article","og_title":"Especial Artes Gr\u00e1ficas Diario Informaci\u00f3n | Ingra Impresores","og_description":"Un a\u00f1o m\u00e1s participamos en el especial del Sector de Artes Gr\u00e1ficas editado por el diario Informaci\u00f3n de Alicante, esta","og_url":"https:\/\/ingra.net\/online\/especial-artes-graficas-diario-informacion\/","og_site_name":"Ingra Impresores","article_publisher":"https:\/\/www.facebook.com\/INGRAIMPRESORES","article_published_time":"2014-05-08T08:50:33+00:00","article_modified_time":"2014-05-08T08:56:57+00:00","og_image":[{"width":750,"height":1021,"url":"https:\/\/ingra.net\/online\/wp-content\/uploads\/2014\/05\/especialartesgraficas2014_web.jpg","type":"image\/jpeg"}],"author":"admin","twitter_card":"summary_large_image","twitter_creator":"@IngraImpresores","twitter_site":"@IngraImpresores","twitter_misc":{"Escrito por":"admin"},"schema":{"@context":"https:\/\/schema.org","@graph":[{"@type":"Article","@id":"https:\/\/ingra.net\/online\/especial-artes-graficas-diario-informacion\/#article","isPartOf":{"@id":"https:\/\/ingra.net\/online\/especial-artes-graficas-diario-informacion\/"},"author":{"name":"admin","@id":"https:\/\/ingra.net\/online\/#\/schema\/person\/cb8ac7bf3c7e33e7c44c2d7d1f3875b6"},"headline":"Especial Artes Gr\u00e1ficas Diario Informaci\u00f3n","datePublished":"2014-05-08T08:50:33+00:00","dateModified":"2014-05-08T08:56:57+00:00","mainEntityOfPage":{"@id":"https:\/\/ingra.net\/online\/especial-artes-graficas-diario-informacion\/"},"wordCount":91,"commentCount":0,"publisher":{"@id":"https:\/\/ingra.net\/online\/#organization"},"image":{"@id":"https:\/\/ingra.net\/online\/especial-artes-graficas-diario-informacion\/#primaryimage"},"thumbnailUrl":"https:\/\/ingra.net\/online\/wp-content\/uploads\/2014\/05\/especialartesgraficas2014_web.jpg","keywords":["APEG","diario Informaci\u00f3n","ingra"],"articleSection":["Comunicados","ingra"],"inLanguage":"es","potentialAction":[{"@type":"CommentAction","name":"Comment","target":["https:\/\/ingra.net\/online\/especial-artes-graficas-diario-informacion\/#respond"]}]},{"@type":"WebPage","@id":"https:\/\/ingra.net\/online\/especial-artes-graficas-diario-informacion\/","url":"https:\/\/ingra.net\/online\/especial-artes-graficas-diario-informacion\/","name":"Especial Artes Gr\u00e1ficas Diario Informaci\u00f3n | Ingra Impresores","isPartOf":{"@id":"https:\/\/ingra.net\/online\/#website"},"primaryImageOfPage":{"@id":"https:\/\/ingra.net\/online\/especial-artes-graficas-diario-informacion\/#primaryimage"},"image":{"@id":"https:\/\/ingra.net\/online\/especial-artes-graficas-diario-informacion\/#primaryimage"},"thumbnailUrl":"https:\/\/ingra.net\/online\/wp-content\/uploads\/2014\/05\/especialartesgraficas2014_web.jpg","datePublished":"2014-05-08T08:50:33+00:00","dateModified":"2014-05-08T08:56:57+00:00","breadcrumb":{"@id":"https:\/\/ingra.net\/online\/especial-artes-graficas-diario-informacion\/#breadcrumb"},"inLanguage":"es","potentialAction":[{"@type":"ReadAction","target":["https:\/\/ingra.net\/online\/especial-artes-graficas-diario-informacion\/"]}]},{"@type":"ImageObject","inLanguage":"es","@id":"https:\/\/ingra.net\/online\/especial-artes-graficas-diario-informacion\/#primaryimage","url":"https:\/\/ingra.net\/online\/wp-content\/uploads\/2014\/05\/especialartesgraficas2014_web.jpg","contentUrl":"https:\/\/ingra.net\/online\/wp-content\/uploads\/2014\/05\/especialartesgraficas2014_web.jpg","width":750,"height":1021},{"@type":"BreadcrumbList","@id":"https:\/\/ingra.net\/online\/especial-artes-graficas-diario-informacion\/#breadcrumb","itemListElement":[{"@type":"ListItem","position":1,"name":"Portada","item":"https:\/\/ingra.net\/online\/"},{"@type":"ListItem","position":2,"name":"Especial Artes Gr\u00e1ficas Diario Informaci\u00f3n"}]},{"@type":"WebSite","@id":"https:\/\/ingra.net\/online\/#website","url":"https:\/\/ingra.net\/online\/","name":"Ingra Impresores","description":"Imprenta Offset y digital en Alicante","publisher":{"@id":"https:\/\/ingra.net\/online\/#organization"},"alternateName":"INGRA","potentialAction":[{"@type":"SearchAction","target":{"@type":"EntryPoint","urlTemplate":"https:\/\/ingra.net\/online\/?s={search_term_string}"},"query-input":{"@type":"PropertyValueSpecification","valueRequired":true,"valueName":"search_term_string"}}],"inLanguage":"es"},{"@type":"Organization","@id":"https:\/\/ingra.net\/online\/#organization","name":"Ingra Impresores","alternateName":"Ingra impresores","url":"https:\/\/ingra.net\/online\/","logo":{"@type":"ImageObject","inLanguage":"es","@id":"https:\/\/ingra.net\/online\/#\/schema\/logo\/image\/","url":"https:\/\/ingra.net\/online\/wp-content\/uploads\/2012\/11\/logo.png","contentUrl":"https:\/\/ingra.net\/online\/wp-content\/uploads\/2012\/11\/logo.png","width":360,"height":105,"caption":"Ingra Impresores"},"image":{"@id":"https:\/\/ingra.net\/online\/#\/schema\/logo\/image\/"},"sameAs":["https:\/\/www.facebook.com\/INGRAIMPRESORES","https:\/\/x.com\/IngraImpresores","https:\/\/www.instagram.com\/ingraimpresoresalicante\/"]},{"@type":"Person","@id":"https:\/\/ingra.net\/online\/#\/schema\/person\/cb8ac7bf3c7e33e7c44c2d7d1f3875b6","name":"admin","image":{"@type":"ImageObject","inLanguage":"es","@id":"https:\/\/secure.gravatar.com\/avatar\/e9eec13b36f2a04432f14b26941bc1216f5d1a2c9f931a262b3511cbf47cdce9?s=96&d=mm&r=g","url":"https:\/\/secure.gravatar.com\/avatar\/e9eec13b36f2a04432f14b26941bc1216f5d1a2c9f931a262b3511cbf47cdce9?s=96&d=mm&r=g","contentUrl":"https:\/\/secure.gravatar.com\/avatar\/e9eec13b36f2a04432f14b26941bc1216f5d1a2c9f931a262b3511cbf47cdce9?s=96&d=mm&r=g","caption":"admin"},"url":"https:\/\/ingra.net\/online\/author\/admin\/"}]}},"_links":{"self":[{"href":"https:\/\/ingra.net\/online\/wp-json\/wp\/v2\/posts\/1290","targetHints":{"allow":["GET"]}}],"collection":[{"href":"https:\/\/ingra.net\/online\/wp-json\/wp\/v2\/posts"}],"about":[{"href":"https:\/\/ingra.net\/online\/wp-json\/wp\/v2\/types\/post"}],"author":[{"embeddable":true,"href":"https:\/\/ingra.net\/online\/wp-json\/wp\/v2\/users\/1"}],"replies":[{"embeddable":true,"href":"https:\/\/ingra.net\/online\/wp-json\/wp\/v2\/comments?post=1290"}],"version-history":[{"count":0,"href":"https:\/\/ingra.net\/online\/wp-json\/wp\/v2\/posts\/1290\/revisions"}],"wp:featuredmedia":[{"embeddable":true,"href":"https:\/\/ingra.net\/online\/wp-json\/wp\/v2\/media\/1291"}],"wp:attachment":[{"href":"https:\/\/ingra.net\/online\/wp-json\/wp\/v2\/media?parent=1290"}],"wp:term":[{"taxonomy":"category","embeddable":true,"href":"https:\/\/ingra.net\/online\/wp-json\/wp\/v2\/categories?post=1290"},{"taxonomy":"post_tag","embeddable":true,"href":"https:\/\/ingra.net\/online\/wp-json\/wp\/v2\/tags?post=1290"}],"curies":[{"name":"wp","href":"https:\/\/api.w.org\/{rel}","templated":true}]}}