{"id":1142,"date":"2013-11-09T08:19:51","date_gmt":"2013-11-09T08:19:51","guid":{"rendered":"http:\/\/ingra.net\/online\/?p=1142"},"modified":"2013-11-09T08:23:53","modified_gmt":"2013-11-09T08:23:53","slug":"prepara-la-navidad-felicitaciones-y-calendarios-para-empresas","status":"publish","type":"post","link":"https:\/\/ingra.net\/online\/prepara-la-navidad-felicitaciones-y-calendarios-para-empresas\/","title":{"rendered":"Prepara la navidad, felicitaciones y calendarios para empresas"},"content":{"rendered":"<p><img loading=\"lazy\" decoding=\"async\" class=\"alignnone size-full wp-image-1145\" title=\"frohe weihnacht\" src=\"http:\/\/ingra.net\/online\/wp-content\/uploads\/2013\/11\/fotolia_1864433.jpg\" alt=\"\" width=\"600\" height=\"450\" srcset=\"https:\/\/ingra.net\/online\/wp-content\/uploads\/2013\/11\/fotolia_1864433.jpg 600w, https:\/\/ingra.net\/online\/wp-content\/uploads\/2013\/11\/fotolia_1864433-300x225.jpg 300w, https:\/\/ingra.net\/online\/wp-content\/uploads\/2013\/11\/fotolia_1864433-150x113.jpg 150w, https:\/\/ingra.net\/online\/wp-content\/uploads\/2013\/11\/fotolia_1864433-533x400.jpg 533w\" sizes=\"auto, (max-width: 600px) 100vw, 600px\" \/><\/p>\n<p>Recordar a nuestros clientes, mediante una felicitaci\u00f3n, que estamos a su disposici\u00f3n, simplemente desearles nuestros mejores deseos para unas fechas que generan emociones entra\u00f1ables, la felicitaci\u00f3n impresa aporta a nuestra empresa un plus de cercan\u00eda con nuestros clientes, muchas veces entregadas en mano, para facilitar un contacto con estos.<\/p>\n<p>&nbsp;<\/p>\n<p>Consulta con nuestros comerciales las posibilidades de producci\u00f3n para tus felicitaciones (Xmas) y calendarios : barnices especiales, stamping dorado y plateado, texturas, papeles plata y oro, troqueles, etc. En peque\u00f1a o gran tirada. \u00a0Da rienda a tu imaginaci\u00f3n y sorprende a tus clientes.<\/p>\n","protected":false},"excerpt":{"rendered":"<p>Recordar a nuestros clientes, mediante una felicitaci\u00f3n, que estamos a su disposici\u00f3n, simplemente desearles nuestros mejores deseos para unas fechas<\/p>\n","protected":false},"author":1,"featured_media":1145,"comment_status":"open","ping_status":"open","sticky":false,"template":"","format":"standard","meta":{"_monsterinsights_skip_tracking":false,"_monsterinsights_sitenote_active":false,"_monsterinsights_sitenote_note":"","_monsterinsights_sitenote_category":0,"footnotes":""},"categories":[14,15],"tags":[54,324,269],"class_list":["post-1142","post","type-post","status-publish","format-standard","has-post-thumbnail","hentry","category-ingra","category-ofertas","tag-calendarios","tag-felicitacion","tag-xmas"],"yoast_head":"<!-- This site is optimized with the Yoast SEO plugin v27.4 - https:\/\/yoast.com\/product\/yoast-seo-wordpress\/ -->\n<title>Prepara la navidad, felicitaciones y calendarios para empresas | Ingra Impresores<\/title>\n<meta name=\"robots\" content=\"index, follow, max-snippet:-1, max-image-preview:large, max-video-preview:-1\" \/>\n<link rel=\"canonical\" href=\"https:\/\/ingra.net\/online\/prepara-la-navidad-felicitaciones-y-calendarios-para-empresas\/\" \/>\n<meta property=\"og:locale\" content=\"es_ES\" \/>\n<meta property=\"og:type\" content=\"article\" \/>\n<meta property=\"og:title\" content=\"Prepara la navidad, felicitaciones y calendarios para empresas | Ingra Impresores\" \/>\n<meta property=\"og:description\" content=\"Recordar a nuestros clientes, mediante una felicitaci\u00f3n, que estamos a su disposici\u00f3n, simplemente desearles nuestros mejores deseos para unas fechas\" \/>\n<meta property=\"og:url\" content=\"https:\/\/ingra.net\/online\/prepara-la-navidad-felicitaciones-y-calendarios-para-empresas\/\" \/>\n<meta property=\"og:site_name\" content=\"Ingra Impresores\" \/>\n<meta property=\"article:publisher\" content=\"https:\/\/www.facebook.com\/INGRAIMPRESORES\" \/>\n<meta property=\"article:published_time\" content=\"2013-11-09T08:19:51+00:00\" \/>\n<meta property=\"article:modified_time\" content=\"2013-11-09T08:23:53+00:00\" \/>\n<meta property=\"og:image\" content=\"https:\/\/ingra.net\/online\/wp-content\/uploads\/2013\/11\/fotolia_1864433.jpg\" \/>\n\t<meta property=\"og:image:width\" content=\"600\" \/>\n\t<meta property=\"og:image:height\" content=\"450\" \/>\n\t<meta property=\"og:image:type\" content=\"image\/jpeg\" \/>\n<meta name=\"author\" content=\"admin\" \/>\n<meta name=\"twitter:card\" content=\"summary_large_image\" \/>\n<meta name=\"twitter:creator\" content=\"@IngraImpresores\" \/>\n<meta name=\"twitter:site\" content=\"@IngraImpresores\" \/>\n<meta name=\"twitter:label1\" content=\"Escrito por\" \/>\n\t<meta name=\"twitter:data1\" content=\"admin\" \/>\n\t<meta name=\"twitter:label2\" content=\"Tiempo de lectura\" \/>\n\t<meta name=\"twitter:data2\" content=\"1 minuto\" \/>\n<script type=\"application\/ld+json\" class=\"yoast-schema-graph\">{\"@context\":\"https:\\\/\\\/schema.org\",\"@graph\":[{\"@type\":\"Article\",\"@id\":\"https:\\\/\\\/ingra.net\\\/online\\\/prepara-la-navidad-felicitaciones-y-calendarios-para-empresas\\\/#article\",\"isPartOf\":{\"@id\":\"https:\\\/\\\/ingra.net\\\/online\\\/prepara-la-navidad-felicitaciones-y-calendarios-para-empresas\\\/\"},\"author\":{\"name\":\"admin\",\"@id\":\"https:\\\/\\\/ingra.net\\\/online\\\/#\\\/schema\\\/person\\\/cb8ac7bf3c7e33e7c44c2d7d1f3875b6\"},\"headline\":\"Prepara la navidad, felicitaciones y calendarios para empresas\",\"datePublished\":\"2013-11-09T08:19:51+00:00\",\"dateModified\":\"2013-11-09T08:23:53+00:00\",\"mainEntityOfPage\":{\"@id\":\"https:\\\/\\\/ingra.net\\\/online\\\/prepara-la-navidad-felicitaciones-y-calendarios-para-empresas\\\/\"},\"wordCount\":108,\"commentCount\":0,\"publisher\":{\"@id\":\"https:\\\/\\\/ingra.net\\\/online\\\/#organization\"},\"image\":{\"@id\":\"https:\\\/\\\/ingra.net\\\/online\\\/prepara-la-navidad-felicitaciones-y-calendarios-para-empresas\\\/#primaryimage\"},\"thumbnailUrl\":\"https:\\\/\\\/ingra.net\\\/online\\\/wp-content\\\/uploads\\\/2013\\\/11\\\/fotolia_1864433.jpg\",\"keywords\":[\"calendarios\",\"felicitaci\u00f3n\",\"xmas\"],\"articleSection\":[\"ingra\",\"Ofertas\"],\"inLanguage\":\"es\",\"potentialAction\":[{\"@type\":\"CommentAction\",\"name\":\"Comment\",\"target\":[\"https:\\\/\\\/ingra.net\\\/online\\\/prepara-la-navidad-felicitaciones-y-calendarios-para-empresas\\\/#respond\"]}]},{\"@type\":\"WebPage\",\"@id\":\"https:\\\/\\\/ingra.net\\\/online\\\/prepara-la-navidad-felicitaciones-y-calendarios-para-empresas\\\/\",\"url\":\"https:\\\/\\\/ingra.net\\\/online\\\/prepara-la-navidad-felicitaciones-y-calendarios-para-empresas\\\/\",\"name\":\"Prepara la navidad, felicitaciones y calendarios para empresas | Ingra Impresores\",\"isPartOf\":{\"@id\":\"https:\\\/\\\/ingra.net\\\/online\\\/#website\"},\"primaryImageOfPage\":{\"@id\":\"https:\\\/\\\/ingra.net\\\/online\\\/prepara-la-navidad-felicitaciones-y-calendarios-para-empresas\\\/#primaryimage\"},\"image\":{\"@id\":\"https:\\\/\\\/ingra.net\\\/online\\\/prepara-la-navidad-felicitaciones-y-calendarios-para-empresas\\\/#primaryimage\"},\"thumbnailUrl\":\"https:\\\/\\\/ingra.net\\\/online\\\/wp-content\\\/uploads\\\/2013\\\/11\\\/fotolia_1864433.jpg\",\"datePublished\":\"2013-11-09T08:19:51+00:00\",\"dateModified\":\"2013-11-09T08:23:53+00:00\",\"breadcrumb\":{\"@id\":\"https:\\\/\\\/ingra.net\\\/online\\\/prepara-la-navidad-felicitaciones-y-calendarios-para-empresas\\\/#breadcrumb\"},\"inLanguage\":\"es\",\"potentialAction\":[{\"@type\":\"ReadAction\",\"target\":[\"https:\\\/\\\/ingra.net\\\/online\\\/prepara-la-navidad-felicitaciones-y-calendarios-para-empresas\\\/\"]}]},{\"@type\":\"ImageObject\",\"inLanguage\":\"es\",\"@id\":\"https:\\\/\\\/ingra.net\\\/online\\\/prepara-la-navidad-felicitaciones-y-calendarios-para-empresas\\\/#primaryimage\",\"url\":\"https:\\\/\\\/ingra.net\\\/online\\\/wp-content\\\/uploads\\\/2013\\\/11\\\/fotolia_1864433.jpg\",\"contentUrl\":\"https:\\\/\\\/ingra.net\\\/online\\\/wp-content\\\/uploads\\\/2013\\\/11\\\/fotolia_1864433.jpg\",\"width\":600,\"height\":450},{\"@type\":\"BreadcrumbList\",\"@id\":\"https:\\\/\\\/ingra.net\\\/online\\\/prepara-la-navidad-felicitaciones-y-calendarios-para-empresas\\\/#breadcrumb\",\"itemListElement\":[{\"@type\":\"ListItem\",\"position\":1,\"name\":\"Portada\",\"item\":\"https:\\\/\\\/ingra.net\\\/online\\\/\"},{\"@type\":\"ListItem\",\"position\":2,\"name\":\"Prepara la navidad, felicitaciones y calendarios para empresas\"}]},{\"@type\":\"WebSite\",\"@id\":\"https:\\\/\\\/ingra.net\\\/online\\\/#website\",\"url\":\"https:\\\/\\\/ingra.net\\\/online\\\/\",\"name\":\"Ingra Impresores\",\"description\":\"Imprenta Offset y digital en Alicante\",\"publisher\":{\"@id\":\"https:\\\/\\\/ingra.net\\\/online\\\/#organization\"},\"alternateName\":\"INGRA\",\"potentialAction\":[{\"@type\":\"SearchAction\",\"target\":{\"@type\":\"EntryPoint\",\"urlTemplate\":\"https:\\\/\\\/ingra.net\\\/online\\\/?s={search_term_string}\"},\"query-input\":{\"@type\":\"PropertyValueSpecification\",\"valueRequired\":true,\"valueName\":\"search_term_string\"}}],\"inLanguage\":\"es\"},{\"@type\":\"Organization\",\"@id\":\"https:\\\/\\\/ingra.net\\\/online\\\/#organization\",\"name\":\"Ingra Impresores\",\"alternateName\":\"Ingra impresores\",\"url\":\"https:\\\/\\\/ingra.net\\\/online\\\/\",\"logo\":{\"@type\":\"ImageObject\",\"inLanguage\":\"es\",\"@id\":\"https:\\\/\\\/ingra.net\\\/online\\\/#\\\/schema\\\/logo\\\/image\\\/\",\"url\":\"https:\\\/\\\/ingra.net\\\/online\\\/wp-content\\\/uploads\\\/2012\\\/11\\\/logo.png\",\"contentUrl\":\"https:\\\/\\\/ingra.net\\\/online\\\/wp-content\\\/uploads\\\/2012\\\/11\\\/logo.png\",\"width\":360,\"height\":105,\"caption\":\"Ingra Impresores\"},\"image\":{\"@id\":\"https:\\\/\\\/ingra.net\\\/online\\\/#\\\/schema\\\/logo\\\/image\\\/\"},\"sameAs\":[\"https:\\\/\\\/www.facebook.com\\\/INGRAIMPRESORES\",\"https:\\\/\\\/x.com\\\/IngraImpresores\",\"https:\\\/\\\/www.instagram.com\\\/ingraimpresoresalicante\\\/\"]},{\"@type\":\"Person\",\"@id\":\"https:\\\/\\\/ingra.net\\\/online\\\/#\\\/schema\\\/person\\\/cb8ac7bf3c7e33e7c44c2d7d1f3875b6\",\"name\":\"admin\",\"image\":{\"@type\":\"ImageObject\",\"inLanguage\":\"es\",\"@id\":\"https:\\\/\\\/secure.gravatar.com\\\/avatar\\\/e9eec13b36f2a04432f14b26941bc1216f5d1a2c9f931a262b3511cbf47cdce9?s=96&d=mm&r=g\",\"url\":\"https:\\\/\\\/secure.gravatar.com\\\/avatar\\\/e9eec13b36f2a04432f14b26941bc1216f5d1a2c9f931a262b3511cbf47cdce9?s=96&d=mm&r=g\",\"contentUrl\":\"https:\\\/\\\/secure.gravatar.com\\\/avatar\\\/e9eec13b36f2a04432f14b26941bc1216f5d1a2c9f931a262b3511cbf47cdce9?s=96&d=mm&r=g\",\"caption\":\"admin\"},\"url\":\"https:\\\/\\\/ingra.net\\\/online\\\/author\\\/admin\\\/\"}]}<\/script>\n<!-- \/ Yoast SEO plugin. -->","yoast_head_json":{"title":"Prepara la navidad, felicitaciones y calendarios para empresas | Ingra Impresores","robots":{"index":"index","follow":"follow","max-snippet":"max-snippet:-1","max-image-preview":"max-image-preview:large","max-video-preview":"max-video-preview:-1"},"canonical":"https:\/\/ingra.net\/online\/prepara-la-navidad-felicitaciones-y-calendarios-para-empresas\/","og_locale":"es_ES","og_type":"article","og_title":"Prepara la navidad, felicitaciones y calendarios para empresas | Ingra Impresores","og_description":"Recordar a nuestros clientes, mediante una felicitaci\u00f3n, que estamos a su disposici\u00f3n, simplemente desearles nuestros mejores deseos para unas fechas","og_url":"https:\/\/ingra.net\/online\/prepara-la-navidad-felicitaciones-y-calendarios-para-empresas\/","og_site_name":"Ingra Impresores","article_publisher":"https:\/\/www.facebook.com\/INGRAIMPRESORES","article_published_time":"2013-11-09T08:19:51+00:00","article_modified_time":"2013-11-09T08:23:53+00:00","og_image":[{"width":600,"height":450,"url":"https:\/\/ingra.net\/online\/wp-content\/uploads\/2013\/11\/fotolia_1864433.jpg","type":"image\/jpeg"}],"author":"admin","twitter_card":"summary_large_image","twitter_creator":"@IngraImpresores","twitter_site":"@IngraImpresores","twitter_misc":{"Escrito por":"admin","Tiempo de lectura":"1 minuto"},"schema":{"@context":"https:\/\/schema.org","@graph":[{"@type":"Article","@id":"https:\/\/ingra.net\/online\/prepara-la-navidad-felicitaciones-y-calendarios-para-empresas\/#article","isPartOf":{"@id":"https:\/\/ingra.net\/online\/prepara-la-navidad-felicitaciones-y-calendarios-para-empresas\/"},"author":{"name":"admin","@id":"https:\/\/ingra.net\/online\/#\/schema\/person\/cb8ac7bf3c7e33e7c44c2d7d1f3875b6"},"headline":"Prepara la navidad, felicitaciones y calendarios para empresas","datePublished":"2013-11-09T08:19:51+00:00","dateModified":"2013-11-09T08:23:53+00:00","mainEntityOfPage":{"@id":"https:\/\/ingra.net\/online\/prepara-la-navidad-felicitaciones-y-calendarios-para-empresas\/"},"wordCount":108,"commentCount":0,"publisher":{"@id":"https:\/\/ingra.net\/online\/#organization"},"image":{"@id":"https:\/\/ingra.net\/online\/prepara-la-navidad-felicitaciones-y-calendarios-para-empresas\/#primaryimage"},"thumbnailUrl":"https:\/\/ingra.net\/online\/wp-content\/uploads\/2013\/11\/fotolia_1864433.jpg","keywords":["calendarios","felicitaci\u00f3n","xmas"],"articleSection":["ingra","Ofertas"],"inLanguage":"es","potentialAction":[{"@type":"CommentAction","name":"Comment","target":["https:\/\/ingra.net\/online\/prepara-la-navidad-felicitaciones-y-calendarios-para-empresas\/#respond"]}]},{"@type":"WebPage","@id":"https:\/\/ingra.net\/online\/prepara-la-navidad-felicitaciones-y-calendarios-para-empresas\/","url":"https:\/\/ingra.net\/online\/prepara-la-navidad-felicitaciones-y-calendarios-para-empresas\/","name":"Prepara la navidad, felicitaciones y calendarios para empresas | Ingra Impresores","isPartOf":{"@id":"https:\/\/ingra.net\/online\/#website"},"primaryImageOfPage":{"@id":"https:\/\/ingra.net\/online\/prepara-la-navidad-felicitaciones-y-calendarios-para-empresas\/#primaryimage"},"image":{"@id":"https:\/\/ingra.net\/online\/prepara-la-navidad-felicitaciones-y-calendarios-para-empresas\/#primaryimage"},"thumbnailUrl":"https:\/\/ingra.net\/online\/wp-content\/uploads\/2013\/11\/fotolia_1864433.jpg","datePublished":"2013-11-09T08:19:51+00:00","dateModified":"2013-11-09T08:23:53+00:00","breadcrumb":{"@id":"https:\/\/ingra.net\/online\/prepara-la-navidad-felicitaciones-y-calendarios-para-empresas\/#breadcrumb"},"inLanguage":"es","potentialAction":[{"@type":"ReadAction","target":["https:\/\/ingra.net\/online\/prepara-la-navidad-felicitaciones-y-calendarios-para-empresas\/"]}]},{"@type":"ImageObject","inLanguage":"es","@id":"https:\/\/ingra.net\/online\/prepara-la-navidad-felicitaciones-y-calendarios-para-empresas\/#primaryimage","url":"https:\/\/ingra.net\/online\/wp-content\/uploads\/2013\/11\/fotolia_1864433.jpg","contentUrl":"https:\/\/ingra.net\/online\/wp-content\/uploads\/2013\/11\/fotolia_1864433.jpg","width":600,"height":450},{"@type":"BreadcrumbList","@id":"https:\/\/ingra.net\/online\/prepara-la-navidad-felicitaciones-y-calendarios-para-empresas\/#breadcrumb","itemListElement":[{"@type":"ListItem","position":1,"name":"Portada","item":"https:\/\/ingra.net\/online\/"},{"@type":"ListItem","position":2,"name":"Prepara la navidad, felicitaciones y calendarios para empresas"}]},{"@type":"WebSite","@id":"https:\/\/ingra.net\/online\/#website","url":"https:\/\/ingra.net\/online\/","name":"Ingra Impresores","description":"Imprenta Offset y digital en Alicante","publisher":{"@id":"https:\/\/ingra.net\/online\/#organization"},"alternateName":"INGRA","potentialAction":[{"@type":"SearchAction","target":{"@type":"EntryPoint","urlTemplate":"https:\/\/ingra.net\/online\/?s={search_term_string}"},"query-input":{"@type":"PropertyValueSpecification","valueRequired":true,"valueName":"search_term_string"}}],"inLanguage":"es"},{"@type":"Organization","@id":"https:\/\/ingra.net\/online\/#organization","name":"Ingra Impresores","alternateName":"Ingra impresores","url":"https:\/\/ingra.net\/online\/","logo":{"@type":"ImageObject","inLanguage":"es","@id":"https:\/\/ingra.net\/online\/#\/schema\/logo\/image\/","url":"https:\/\/ingra.net\/online\/wp-content\/uploads\/2012\/11\/logo.png","contentUrl":"https:\/\/ingra.net\/online\/wp-content\/uploads\/2012\/11\/logo.png","width":360,"height":105,"caption":"Ingra Impresores"},"image":{"@id":"https:\/\/ingra.net\/online\/#\/schema\/logo\/image\/"},"sameAs":["https:\/\/www.facebook.com\/INGRAIMPRESORES","https:\/\/x.com\/IngraImpresores","https:\/\/www.instagram.com\/ingraimpresoresalicante\/"]},{"@type":"Person","@id":"https:\/\/ingra.net\/online\/#\/schema\/person\/cb8ac7bf3c7e33e7c44c2d7d1f3875b6","name":"admin","image":{"@type":"ImageObject","inLanguage":"es","@id":"https:\/\/secure.gravatar.com\/avatar\/e9eec13b36f2a04432f14b26941bc1216f5d1a2c9f931a262b3511cbf47cdce9?s=96&d=mm&r=g","url":"https:\/\/secure.gravatar.com\/avatar\/e9eec13b36f2a04432f14b26941bc1216f5d1a2c9f931a262b3511cbf47cdce9?s=96&d=mm&r=g","contentUrl":"https:\/\/secure.gravatar.com\/avatar\/e9eec13b36f2a04432f14b26941bc1216f5d1a2c9f931a262b3511cbf47cdce9?s=96&d=mm&r=g","caption":"admin"},"url":"https:\/\/ingra.net\/online\/author\/admin\/"}]}},"_links":{"self":[{"href":"https:\/\/ingra.net\/online\/wp-json\/wp\/v2\/posts\/1142","targetHints":{"allow":["GET"]}}],"collection":[{"href":"https:\/\/ingra.net\/online\/wp-json\/wp\/v2\/posts"}],"about":[{"href":"https:\/\/ingra.net\/online\/wp-json\/wp\/v2\/types\/post"}],"author":[{"embeddable":true,"href":"https:\/\/ingra.net\/online\/wp-json\/wp\/v2\/users\/1"}],"replies":[{"embeddable":true,"href":"https:\/\/ingra.net\/online\/wp-json\/wp\/v2\/comments?post=1142"}],"version-history":[{"count":0,"href":"https:\/\/ingra.net\/online\/wp-json\/wp\/v2\/posts\/1142\/revisions"}],"wp:featuredmedia":[{"embeddable":true,"href":"https:\/\/ingra.net\/online\/wp-json\/wp\/v2\/media\/1145"}],"wp:attachment":[{"href":"https:\/\/ingra.net\/online\/wp-json\/wp\/v2\/media?parent=1142"}],"wp:term":[{"taxonomy":"category","embeddable":true,"href":"https:\/\/ingra.net\/online\/wp-json\/wp\/v2\/categories?post=1142"},{"taxonomy":"post_tag","embeddable":true,"href":"https:\/\/ingra.net\/online\/wp-json\/wp\/v2\/tags?post=1142"}],"curies":[{"name":"wp","href":"https:\/\/api.w.org\/{rel}","templated":true}]}}