{"id":1117,"date":"2013-09-29T09:22:05","date_gmt":"2013-09-29T09:22:05","guid":{"rendered":"http:\/\/ingra.net\/online\/?p=1117"},"modified":"2013-09-29T09:23:39","modified_gmt":"2013-09-29T09:23:39","slug":"planificando-el-2014-calendarios-y-agendas","status":"publish","type":"post","link":"https:\/\/ingra.net\/online\/planificando-el-2014-calendarios-y-agendas\/","title":{"rendered":"\u00bfPlanificando el 2014? Calendarios y agendas"},"content":{"rendered":"<p>Comenzamos en octubre a planificar nuestra oferta de calendarios, agendas, planificadores de escritorio para el a\u00f1o 2014. Con el inminente comienzo del \u00faltimo trimestre del a\u00f1o, entramos en la recta final para planificar, dise\u00f1ar y llevar a la pr\u00e1ctica unos soportes que entregaremos a nuestros clientes, y tendr\u00e1n a la vista todo el a\u00f1o, por ese motivo es importante que no dejemos para el \u00faltimo momento estas \u00abherramientas\u00bb de promoci\u00f3n, que ayudar\u00e1n a recordar a nuestros clientes que estamos ah\u00ed.<\/p>\n<p><a href=\"http:\/\/ingra.net\/online\/wp-content\/uploads\/2013\/09\/planificando2014.jpg\"><img loading=\"lazy\" decoding=\"async\" class=\"alignnone size-full wp-image-1118\" title=\"planificando2014\" src=\"http:\/\/ingra.net\/online\/wp-content\/uploads\/2013\/09\/planificando2014.jpg\" alt=\"Planificando el 2014, Agendas, Calendarios, planificadores, etc.\" width=\"800\" height=\"421\" srcset=\"https:\/\/ingra.net\/online\/wp-content\/uploads\/2013\/09\/planificando2014.jpg 800w, https:\/\/ingra.net\/online\/wp-content\/uploads\/2013\/09\/planificando2014-300x158.jpg 300w, https:\/\/ingra.net\/online\/wp-content\/uploads\/2013\/09\/planificando2014-600x316.jpg 600w, https:\/\/ingra.net\/online\/wp-content\/uploads\/2013\/09\/planificando2014-768x404.jpg 768w, https:\/\/ingra.net\/online\/wp-content\/uploads\/2013\/09\/planificando2014-150x79.jpg 150w\" sizes=\"auto, (max-width: 800px) 100vw, 800px\" \/><\/a><\/p>\n<p>Desde los t\u00edpicos formatos de pared, los sobremesa, los de bolsillo, hasta propuestas menos estandar y m\u00e1s creativas, en Ingra Impresores, podemos ayudarte a asegurar el \u00e9xito de tus calendarios, aportando calidad en la producci\u00f3n, costes contenidos y plazos de entrega asegurados. Consulta con nuestros comerciales las opciones disponibles, podemos personalizar soportes ya creados o crearlos e imprimirlos desde tus dise\u00f1os.<\/p>\n<p>Solic\u00edtanos informaci\u00f3n sobre los papeles y acabados especiales que muchas veces marcan la diferencia con el material de la competencia.<\/p>\n<p>Ya es tiempo de planificar el 2014 \u00bf te echamos una mano?<\/p>\n<p>[contact_form email=\u00bbinfo@ingra.net\u00bb subject=\u00bbDeseo informaci\u00f3n sobre calendarios y agendas\u00bb]<\/p>\n<p>&nbsp;<\/p>\n","protected":false},"excerpt":{"rendered":"<p>Comenzamos en octubre a planificar nuestra oferta de calendarios, agendas, planificadores de escritorio para el a\u00f1o 2014. Con el inminente<\/p>\n","protected":false},"author":1,"featured_media":0,"comment_status":"open","ping_status":"open","sticky":false,"template":"","format":"standard","meta":{"_monsterinsights_skip_tracking":false,"_monsterinsights_sitenote_active":false,"_monsterinsights_sitenote_note":"","_monsterinsights_sitenote_category":0,"footnotes":""},"categories":[15],"tags":[30,54,319],"class_list":["post-1117","post","type-post","status-publish","format-standard","hentry","category-ofertas","tag-agendas","tag-calendarios","tag-planificadores"],"yoast_head":"<!-- This site is optimized with the Yoast SEO plugin v27.4 - https:\/\/yoast.com\/product\/yoast-seo-wordpress\/ -->\n<title>\u00bfPlanificando el 2014? Calendarios y agendas | Ingra Impresores<\/title>\n<meta name=\"robots\" content=\"index, follow, max-snippet:-1, max-image-preview:large, max-video-preview:-1\" \/>\n<link rel=\"canonical\" href=\"https:\/\/ingra.net\/online\/planificando-el-2014-calendarios-y-agendas\/\" \/>\n<meta property=\"og:locale\" content=\"es_ES\" \/>\n<meta property=\"og:type\" content=\"article\" \/>\n<meta property=\"og:title\" content=\"\u00bfPlanificando el 2014? Calendarios y agendas | Ingra Impresores\" \/>\n<meta property=\"og:description\" content=\"Comenzamos en octubre a planificar nuestra oferta de calendarios, agendas, planificadores de escritorio para el a\u00f1o 2014. Con el inminente\" \/>\n<meta property=\"og:url\" content=\"https:\/\/ingra.net\/online\/planificando-el-2014-calendarios-y-agendas\/\" \/>\n<meta property=\"og:site_name\" content=\"Ingra Impresores\" \/>\n<meta property=\"article:publisher\" content=\"https:\/\/www.facebook.com\/INGRAIMPRESORES\" \/>\n<meta property=\"article:published_time\" content=\"2013-09-29T09:22:05+00:00\" \/>\n<meta property=\"article:modified_time\" content=\"2013-09-29T09:23:39+00:00\" \/>\n<meta property=\"og:image\" content=\"http:\/\/ingra.net\/online\/wp-content\/uploads\/2013\/09\/planificando2014.jpg\" \/>\n<meta name=\"author\" content=\"admin\" \/>\n<meta name=\"twitter:card\" content=\"summary_large_image\" \/>\n<meta name=\"twitter:creator\" content=\"@IngraImpresores\" \/>\n<meta name=\"twitter:site\" content=\"@IngraImpresores\" \/>\n<meta name=\"twitter:label1\" content=\"Escrito por\" \/>\n\t<meta name=\"twitter:data1\" content=\"admin\" \/>\n\t<meta name=\"twitter:label2\" content=\"Tiempo de lectura\" \/>\n\t<meta name=\"twitter:data2\" content=\"1 minuto\" \/>\n<script type=\"application\/ld+json\" class=\"yoast-schema-graph\">{\"@context\":\"https:\\\/\\\/schema.org\",\"@graph\":[{\"@type\":\"Article\",\"@id\":\"https:\\\/\\\/ingra.net\\\/online\\\/planificando-el-2014-calendarios-y-agendas\\\/#article\",\"isPartOf\":{\"@id\":\"https:\\\/\\\/ingra.net\\\/online\\\/planificando-el-2014-calendarios-y-agendas\\\/\"},\"author\":{\"name\":\"admin\",\"@id\":\"https:\\\/\\\/ingra.net\\\/online\\\/#\\\/schema\\\/person\\\/cb8ac7bf3c7e33e7c44c2d7d1f3875b6\"},\"headline\":\"\u00bfPlanificando el 2014? Calendarios y agendas\",\"datePublished\":\"2013-09-29T09:22:05+00:00\",\"dateModified\":\"2013-09-29T09:23:39+00:00\",\"mainEntityOfPage\":{\"@id\":\"https:\\\/\\\/ingra.net\\\/online\\\/planificando-el-2014-calendarios-y-agendas\\\/\"},\"wordCount\":204,\"commentCount\":0,\"publisher\":{\"@id\":\"https:\\\/\\\/ingra.net\\\/online\\\/#organization\"},\"image\":{\"@id\":\"https:\\\/\\\/ingra.net\\\/online\\\/planificando-el-2014-calendarios-y-agendas\\\/#primaryimage\"},\"thumbnailUrl\":\"http:\\\/\\\/ingra.net\\\/online\\\/wp-content\\\/uploads\\\/2013\\\/09\\\/planificando2014.jpg\",\"keywords\":[\"agendas\",\"calendarios\",\"Planificadores\"],\"articleSection\":[\"Ofertas\"],\"inLanguage\":\"es\",\"potentialAction\":[{\"@type\":\"CommentAction\",\"name\":\"Comment\",\"target\":[\"https:\\\/\\\/ingra.net\\\/online\\\/planificando-el-2014-calendarios-y-agendas\\\/#respond\"]}]},{\"@type\":\"WebPage\",\"@id\":\"https:\\\/\\\/ingra.net\\\/online\\\/planificando-el-2014-calendarios-y-agendas\\\/\",\"url\":\"https:\\\/\\\/ingra.net\\\/online\\\/planificando-el-2014-calendarios-y-agendas\\\/\",\"name\":\"\u00bfPlanificando el 2014? Calendarios y agendas | Ingra Impresores\",\"isPartOf\":{\"@id\":\"https:\\\/\\\/ingra.net\\\/online\\\/#website\"},\"primaryImageOfPage\":{\"@id\":\"https:\\\/\\\/ingra.net\\\/online\\\/planificando-el-2014-calendarios-y-agendas\\\/#primaryimage\"},\"image\":{\"@id\":\"https:\\\/\\\/ingra.net\\\/online\\\/planificando-el-2014-calendarios-y-agendas\\\/#primaryimage\"},\"thumbnailUrl\":\"http:\\\/\\\/ingra.net\\\/online\\\/wp-content\\\/uploads\\\/2013\\\/09\\\/planificando2014.jpg\",\"datePublished\":\"2013-09-29T09:22:05+00:00\",\"dateModified\":\"2013-09-29T09:23:39+00:00\",\"breadcrumb\":{\"@id\":\"https:\\\/\\\/ingra.net\\\/online\\\/planificando-el-2014-calendarios-y-agendas\\\/#breadcrumb\"},\"inLanguage\":\"es\",\"potentialAction\":[{\"@type\":\"ReadAction\",\"target\":[\"https:\\\/\\\/ingra.net\\\/online\\\/planificando-el-2014-calendarios-y-agendas\\\/\"]}]},{\"@type\":\"ImageObject\",\"inLanguage\":\"es\",\"@id\":\"https:\\\/\\\/ingra.net\\\/online\\\/planificando-el-2014-calendarios-y-agendas\\\/#primaryimage\",\"url\":\"https:\\\/\\\/ingra.net\\\/online\\\/wp-content\\\/uploads\\\/2013\\\/09\\\/planificando2014.jpg\",\"contentUrl\":\"https:\\\/\\\/ingra.net\\\/online\\\/wp-content\\\/uploads\\\/2013\\\/09\\\/planificando2014.jpg\",\"width\":800,\"height\":421,\"caption\":\"Planificando el 2014, Agendas, Calendarios, planificadores, etc.\"},{\"@type\":\"BreadcrumbList\",\"@id\":\"https:\\\/\\\/ingra.net\\\/online\\\/planificando-el-2014-calendarios-y-agendas\\\/#breadcrumb\",\"itemListElement\":[{\"@type\":\"ListItem\",\"position\":1,\"name\":\"Portada\",\"item\":\"https:\\\/\\\/ingra.net\\\/online\\\/\"},{\"@type\":\"ListItem\",\"position\":2,\"name\":\"\u00bfPlanificando el 2014? Calendarios y agendas\"}]},{\"@type\":\"WebSite\",\"@id\":\"https:\\\/\\\/ingra.net\\\/online\\\/#website\",\"url\":\"https:\\\/\\\/ingra.net\\\/online\\\/\",\"name\":\"Ingra Impresores\",\"description\":\"Imprenta Offset y digital en Alicante\",\"publisher\":{\"@id\":\"https:\\\/\\\/ingra.net\\\/online\\\/#organization\"},\"alternateName\":\"INGRA\",\"potentialAction\":[{\"@type\":\"SearchAction\",\"target\":{\"@type\":\"EntryPoint\",\"urlTemplate\":\"https:\\\/\\\/ingra.net\\\/online\\\/?s={search_term_string}\"},\"query-input\":{\"@type\":\"PropertyValueSpecification\",\"valueRequired\":true,\"valueName\":\"search_term_string\"}}],\"inLanguage\":\"es\"},{\"@type\":\"Organization\",\"@id\":\"https:\\\/\\\/ingra.net\\\/online\\\/#organization\",\"name\":\"Ingra Impresores\",\"alternateName\":\"Ingra impresores\",\"url\":\"https:\\\/\\\/ingra.net\\\/online\\\/\",\"logo\":{\"@type\":\"ImageObject\",\"inLanguage\":\"es\",\"@id\":\"https:\\\/\\\/ingra.net\\\/online\\\/#\\\/schema\\\/logo\\\/image\\\/\",\"url\":\"https:\\\/\\\/ingra.net\\\/online\\\/wp-content\\\/uploads\\\/2012\\\/11\\\/logo.png\",\"contentUrl\":\"https:\\\/\\\/ingra.net\\\/online\\\/wp-content\\\/uploads\\\/2012\\\/11\\\/logo.png\",\"width\":360,\"height\":105,\"caption\":\"Ingra Impresores\"},\"image\":{\"@id\":\"https:\\\/\\\/ingra.net\\\/online\\\/#\\\/schema\\\/logo\\\/image\\\/\"},\"sameAs\":[\"https:\\\/\\\/www.facebook.com\\\/INGRAIMPRESORES\",\"https:\\\/\\\/x.com\\\/IngraImpresores\",\"https:\\\/\\\/www.instagram.com\\\/ingraimpresoresalicante\\\/\"]},{\"@type\":\"Person\",\"@id\":\"https:\\\/\\\/ingra.net\\\/online\\\/#\\\/schema\\\/person\\\/cb8ac7bf3c7e33e7c44c2d7d1f3875b6\",\"name\":\"admin\",\"image\":{\"@type\":\"ImageObject\",\"inLanguage\":\"es\",\"@id\":\"https:\\\/\\\/secure.gravatar.com\\\/avatar\\\/e9eec13b36f2a04432f14b26941bc1216f5d1a2c9f931a262b3511cbf47cdce9?s=96&d=mm&r=g\",\"url\":\"https:\\\/\\\/secure.gravatar.com\\\/avatar\\\/e9eec13b36f2a04432f14b26941bc1216f5d1a2c9f931a262b3511cbf47cdce9?s=96&d=mm&r=g\",\"contentUrl\":\"https:\\\/\\\/secure.gravatar.com\\\/avatar\\\/e9eec13b36f2a04432f14b26941bc1216f5d1a2c9f931a262b3511cbf47cdce9?s=96&d=mm&r=g\",\"caption\":\"admin\"},\"url\":\"https:\\\/\\\/ingra.net\\\/online\\\/author\\\/admin\\\/\"}]}<\/script>\n<!-- \/ Yoast SEO plugin. -->","yoast_head_json":{"title":"\u00bfPlanificando el 2014? Calendarios y agendas | Ingra Impresores","robots":{"index":"index","follow":"follow","max-snippet":"max-snippet:-1","max-image-preview":"max-image-preview:large","max-video-preview":"max-video-preview:-1"},"canonical":"https:\/\/ingra.net\/online\/planificando-el-2014-calendarios-y-agendas\/","og_locale":"es_ES","og_type":"article","og_title":"\u00bfPlanificando el 2014? Calendarios y agendas | Ingra Impresores","og_description":"Comenzamos en octubre a planificar nuestra oferta de calendarios, agendas, planificadores de escritorio para el a\u00f1o 2014. Con el inminente","og_url":"https:\/\/ingra.net\/online\/planificando-el-2014-calendarios-y-agendas\/","og_site_name":"Ingra Impresores","article_publisher":"https:\/\/www.facebook.com\/INGRAIMPRESORES","article_published_time":"2013-09-29T09:22:05+00:00","article_modified_time":"2013-09-29T09:23:39+00:00","og_image":[{"url":"http:\/\/ingra.net\/online\/wp-content\/uploads\/2013\/09\/planificando2014.jpg","type":"","width":"","height":""}],"author":"admin","twitter_card":"summary_large_image","twitter_creator":"@IngraImpresores","twitter_site":"@IngraImpresores","twitter_misc":{"Escrito por":"admin","Tiempo de lectura":"1 minuto"},"schema":{"@context":"https:\/\/schema.org","@graph":[{"@type":"Article","@id":"https:\/\/ingra.net\/online\/planificando-el-2014-calendarios-y-agendas\/#article","isPartOf":{"@id":"https:\/\/ingra.net\/online\/planificando-el-2014-calendarios-y-agendas\/"},"author":{"name":"admin","@id":"https:\/\/ingra.net\/online\/#\/schema\/person\/cb8ac7bf3c7e33e7c44c2d7d1f3875b6"},"headline":"\u00bfPlanificando el 2014? Calendarios y agendas","datePublished":"2013-09-29T09:22:05+00:00","dateModified":"2013-09-29T09:23:39+00:00","mainEntityOfPage":{"@id":"https:\/\/ingra.net\/online\/planificando-el-2014-calendarios-y-agendas\/"},"wordCount":204,"commentCount":0,"publisher":{"@id":"https:\/\/ingra.net\/online\/#organization"},"image":{"@id":"https:\/\/ingra.net\/online\/planificando-el-2014-calendarios-y-agendas\/#primaryimage"},"thumbnailUrl":"http:\/\/ingra.net\/online\/wp-content\/uploads\/2013\/09\/planificando2014.jpg","keywords":["agendas","calendarios","Planificadores"],"articleSection":["Ofertas"],"inLanguage":"es","potentialAction":[{"@type":"CommentAction","name":"Comment","target":["https:\/\/ingra.net\/online\/planificando-el-2014-calendarios-y-agendas\/#respond"]}]},{"@type":"WebPage","@id":"https:\/\/ingra.net\/online\/planificando-el-2014-calendarios-y-agendas\/","url":"https:\/\/ingra.net\/online\/planificando-el-2014-calendarios-y-agendas\/","name":"\u00bfPlanificando el 2014? Calendarios y agendas | Ingra Impresores","isPartOf":{"@id":"https:\/\/ingra.net\/online\/#website"},"primaryImageOfPage":{"@id":"https:\/\/ingra.net\/online\/planificando-el-2014-calendarios-y-agendas\/#primaryimage"},"image":{"@id":"https:\/\/ingra.net\/online\/planificando-el-2014-calendarios-y-agendas\/#primaryimage"},"thumbnailUrl":"http:\/\/ingra.net\/online\/wp-content\/uploads\/2013\/09\/planificando2014.jpg","datePublished":"2013-09-29T09:22:05+00:00","dateModified":"2013-09-29T09:23:39+00:00","breadcrumb":{"@id":"https:\/\/ingra.net\/online\/planificando-el-2014-calendarios-y-agendas\/#breadcrumb"},"inLanguage":"es","potentialAction":[{"@type":"ReadAction","target":["https:\/\/ingra.net\/online\/planificando-el-2014-calendarios-y-agendas\/"]}]},{"@type":"ImageObject","inLanguage":"es","@id":"https:\/\/ingra.net\/online\/planificando-el-2014-calendarios-y-agendas\/#primaryimage","url":"https:\/\/ingra.net\/online\/wp-content\/uploads\/2013\/09\/planificando2014.jpg","contentUrl":"https:\/\/ingra.net\/online\/wp-content\/uploads\/2013\/09\/planificando2014.jpg","width":800,"height":421,"caption":"Planificando el 2014, Agendas, Calendarios, planificadores, etc."},{"@type":"BreadcrumbList","@id":"https:\/\/ingra.net\/online\/planificando-el-2014-calendarios-y-agendas\/#breadcrumb","itemListElement":[{"@type":"ListItem","position":1,"name":"Portada","item":"https:\/\/ingra.net\/online\/"},{"@type":"ListItem","position":2,"name":"\u00bfPlanificando el 2014? Calendarios y agendas"}]},{"@type":"WebSite","@id":"https:\/\/ingra.net\/online\/#website","url":"https:\/\/ingra.net\/online\/","name":"Ingra Impresores","description":"Imprenta Offset y digital en Alicante","publisher":{"@id":"https:\/\/ingra.net\/online\/#organization"},"alternateName":"INGRA","potentialAction":[{"@type":"SearchAction","target":{"@type":"EntryPoint","urlTemplate":"https:\/\/ingra.net\/online\/?s={search_term_string}"},"query-input":{"@type":"PropertyValueSpecification","valueRequired":true,"valueName":"search_term_string"}}],"inLanguage":"es"},{"@type":"Organization","@id":"https:\/\/ingra.net\/online\/#organization","name":"Ingra Impresores","alternateName":"Ingra impresores","url":"https:\/\/ingra.net\/online\/","logo":{"@type":"ImageObject","inLanguage":"es","@id":"https:\/\/ingra.net\/online\/#\/schema\/logo\/image\/","url":"https:\/\/ingra.net\/online\/wp-content\/uploads\/2012\/11\/logo.png","contentUrl":"https:\/\/ingra.net\/online\/wp-content\/uploads\/2012\/11\/logo.png","width":360,"height":105,"caption":"Ingra Impresores"},"image":{"@id":"https:\/\/ingra.net\/online\/#\/schema\/logo\/image\/"},"sameAs":["https:\/\/www.facebook.com\/INGRAIMPRESORES","https:\/\/x.com\/IngraImpresores","https:\/\/www.instagram.com\/ingraimpresoresalicante\/"]},{"@type":"Person","@id":"https:\/\/ingra.net\/online\/#\/schema\/person\/cb8ac7bf3c7e33e7c44c2d7d1f3875b6","name":"admin","image":{"@type":"ImageObject","inLanguage":"es","@id":"https:\/\/secure.gravatar.com\/avatar\/e9eec13b36f2a04432f14b26941bc1216f5d1a2c9f931a262b3511cbf47cdce9?s=96&d=mm&r=g","url":"https:\/\/secure.gravatar.com\/avatar\/e9eec13b36f2a04432f14b26941bc1216f5d1a2c9f931a262b3511cbf47cdce9?s=96&d=mm&r=g","contentUrl":"https:\/\/secure.gravatar.com\/avatar\/e9eec13b36f2a04432f14b26941bc1216f5d1a2c9f931a262b3511cbf47cdce9?s=96&d=mm&r=g","caption":"admin"},"url":"https:\/\/ingra.net\/online\/author\/admin\/"}]}},"_links":{"self":[{"href":"https:\/\/ingra.net\/online\/wp-json\/wp\/v2\/posts\/1117","targetHints":{"allow":["GET"]}}],"collection":[{"href":"https:\/\/ingra.net\/online\/wp-json\/wp\/v2\/posts"}],"about":[{"href":"https:\/\/ingra.net\/online\/wp-json\/wp\/v2\/types\/post"}],"author":[{"embeddable":true,"href":"https:\/\/ingra.net\/online\/wp-json\/wp\/v2\/users\/1"}],"replies":[{"embeddable":true,"href":"https:\/\/ingra.net\/online\/wp-json\/wp\/v2\/comments?post=1117"}],"version-history":[{"count":0,"href":"https:\/\/ingra.net\/online\/wp-json\/wp\/v2\/posts\/1117\/revisions"}],"wp:attachment":[{"href":"https:\/\/ingra.net\/online\/wp-json\/wp\/v2\/media?parent=1117"}],"wp:term":[{"taxonomy":"category","embeddable":true,"href":"https:\/\/ingra.net\/online\/wp-json\/wp\/v2\/categories?post=1117"},{"taxonomy":"post_tag","embeddable":true,"href":"https:\/\/ingra.net\/online\/wp-json\/wp\/v2\/tags?post=1117"}],"curies":[{"name":"wp","href":"https:\/\/api.w.org\/{rel}","templated":true}]}}