{"id":1100,"date":"2013-09-17T21:31:16","date_gmt":"2013-09-17T21:31:16","guid":{"rendered":"http:\/\/ingra.net\/online\/?p=1100"},"modified":"2013-09-17T21:34:43","modified_gmt":"2013-09-17T21:34:43","slug":"mas-de-20-anos-al-lado-del-profesional","status":"publish","type":"post","link":"https:\/\/ingra.net\/online\/mas-de-20-anos-al-lado-del-profesional\/","title":{"rendered":"M\u00e1s de 20 a\u00f1os al lado del profesional"},"content":{"rendered":"<p><!--?xml version=\"1.0\" encoding=\"UTF-8\" standalone=\"no\"?-->Ingra Impresores destaca por los servicios y atenci\u00f3n prestadas a los profesionales de la edici\u00f3n y el dise\u00f1o gr\u00e1fico. Durante nuestros m\u00e1s de 20 a\u00f1os de funcionamiento, hemos estado en continua colaboraci\u00f3n con Agencias de Publicidad, Dise\u00f1adores gr\u00e1ficos y editoriales.<\/p>\n<div>Hablamos el mismo lenguaje, con un mismo objetivo, conseguir para nuestros clientes la soluci\u00f3n m\u00e1s acertada y adaptada a su presupuesto y expectativas. Creamos un flujo constante de informaci\u00f3n con nuestros clientes\/colaboradores, aprovechar las \u00faltimas novedades t\u00e9cnicas, ajustar software y hardware para obtener los resultados esperados, cuidar los detalles y sobre todo r\u00e1pidez y agilidad tanto en el proceso previo, ajustando presupuesto y car\u00e1cter\u00edsticas de los proyectos, como para finalizarlos, cumpliendo plazos de entrega y ajust\u00e1ndonos a los posibles cambios y variaciones finales.<\/div>\n<div><a href=\"http:\/\/ingra.net\/online\/wp-content\/uploads\/2013\/09\/articulo_prof.jpg\"><img loading=\"lazy\" decoding=\"async\" class=\"alignnone size-full wp-image-1101\" title=\"articulo_prof\" src=\"http:\/\/ingra.net\/online\/wp-content\/uploads\/2013\/09\/articulo_prof.jpg\" alt=\"\" width=\"485\" height=\"350\" srcset=\"https:\/\/ingra.net\/online\/wp-content\/uploads\/2013\/09\/articulo_prof.jpg 485w, https:\/\/ingra.net\/online\/wp-content\/uploads\/2013\/09\/articulo_prof-300x216.jpg 300w, https:\/\/ingra.net\/online\/wp-content\/uploads\/2013\/09\/articulo_prof-150x108.jpg 150w\" sizes=\"auto, (max-width: 485px) 100vw, 485px\" \/><\/a><\/div>\n<div>\u00bfest\u00e1s interesado en recibir una visita de nuestros comerciales? Puedes dejar tus datos en el siguiente formulario:<\/div>\n<div>[contact_form email=\u00bbinfo@ingra.net\u00bb subject=\u00bbDesear\u00eda recibir informaci\u00f3n sobre Ingra\u00bb]<\/div>\n","protected":false},"excerpt":{"rendered":"<p>Ingra Impresores destaca por los servicios y atenci\u00f3n prestadas a los profesionales de la edici\u00f3n y el dise\u00f1o gr\u00e1fico. Durante<\/p>\n","protected":false},"author":1,"featured_media":0,"comment_status":"open","ping_status":"open","sticky":false,"template":"","format":"standard","meta":{"_monsterinsights_skip_tracking":false,"_monsterinsights_sitenote_active":false,"_monsterinsights_sitenote_note":"","_monsterinsights_sitenote_category":0,"footnotes":""},"categories":[18],"tags":[314,315,316],"class_list":["post-1100","post","type-post","status-publish","format-standard","hentry","category-general","tag-diseno-grafico","tag-edicion","tag-profesionales"],"yoast_head":"<!-- This site is optimized with the Yoast SEO plugin v27.4 - https:\/\/yoast.com\/product\/yoast-seo-wordpress\/ -->\n<title>M\u00e1s de 20 a\u00f1os al lado del profesional | Ingra Impresores<\/title>\n<meta name=\"robots\" content=\"index, follow, max-snippet:-1, max-image-preview:large, max-video-preview:-1\" \/>\n<link rel=\"canonical\" href=\"https:\/\/ingra.net\/online\/mas-de-20-anos-al-lado-del-profesional\/\" \/>\n<meta property=\"og:locale\" content=\"es_ES\" \/>\n<meta property=\"og:type\" content=\"article\" \/>\n<meta property=\"og:title\" content=\"M\u00e1s de 20 a\u00f1os al lado del profesional | Ingra Impresores\" \/>\n<meta property=\"og:description\" content=\"Ingra Impresores destaca por los servicios y atenci\u00f3n prestadas a los profesionales de la edici\u00f3n y el dise\u00f1o gr\u00e1fico. Durante\" \/>\n<meta property=\"og:url\" content=\"https:\/\/ingra.net\/online\/mas-de-20-anos-al-lado-del-profesional\/\" \/>\n<meta property=\"og:site_name\" content=\"Ingra Impresores\" \/>\n<meta property=\"article:publisher\" content=\"https:\/\/www.facebook.com\/INGRAIMPRESORES\" \/>\n<meta property=\"article:published_time\" content=\"2013-09-17T21:31:16+00:00\" \/>\n<meta property=\"article:modified_time\" content=\"2013-09-17T21:34:43+00:00\" \/>\n<meta property=\"og:image\" content=\"http:\/\/ingra.net\/online\/wp-content\/uploads\/2013\/09\/articulo_prof.jpg\" \/>\n<meta name=\"author\" content=\"admin\" \/>\n<meta name=\"twitter:card\" content=\"summary_large_image\" \/>\n<meta name=\"twitter:creator\" content=\"@IngraImpresores\" \/>\n<meta name=\"twitter:site\" content=\"@IngraImpresores\" \/>\n<meta name=\"twitter:label1\" content=\"Escrito por\" \/>\n\t<meta name=\"twitter:data1\" content=\"admin\" \/>\n\t<meta name=\"twitter:label2\" content=\"Tiempo de lectura\" \/>\n\t<meta name=\"twitter:data2\" content=\"1 minuto\" \/>\n<script type=\"application\/ld+json\" class=\"yoast-schema-graph\">{\"@context\":\"https:\\\/\\\/schema.org\",\"@graph\":[{\"@type\":\"Article\",\"@id\":\"https:\\\/\\\/ingra.net\\\/online\\\/mas-de-20-anos-al-lado-del-profesional\\\/#article\",\"isPartOf\":{\"@id\":\"https:\\\/\\\/ingra.net\\\/online\\\/mas-de-20-anos-al-lado-del-profesional\\\/\"},\"author\":{\"name\":\"admin\",\"@id\":\"https:\\\/\\\/ingra.net\\\/online\\\/#\\\/schema\\\/person\\\/cb8ac7bf3c7e33e7c44c2d7d1f3875b6\"},\"headline\":\"M\u00e1s de 20 a\u00f1os al lado del profesional\",\"datePublished\":\"2013-09-17T21:31:16+00:00\",\"dateModified\":\"2013-09-17T21:34:43+00:00\",\"mainEntityOfPage\":{\"@id\":\"https:\\\/\\\/ingra.net\\\/online\\\/mas-de-20-anos-al-lado-del-profesional\\\/\"},\"wordCount\":181,\"commentCount\":0,\"publisher\":{\"@id\":\"https:\\\/\\\/ingra.net\\\/online\\\/#organization\"},\"image\":{\"@id\":\"https:\\\/\\\/ingra.net\\\/online\\\/mas-de-20-anos-al-lado-del-profesional\\\/#primaryimage\"},\"thumbnailUrl\":\"http:\\\/\\\/ingra.net\\\/online\\\/wp-content\\\/uploads\\\/2013\\\/09\\\/articulo_prof.jpg\",\"keywords\":[\"dise\u00f1o gr\u00e1fico\",\"edici\u00f3n\",\"profesionales\"],\"articleSection\":[\"General\"],\"inLanguage\":\"es\",\"potentialAction\":[{\"@type\":\"CommentAction\",\"name\":\"Comment\",\"target\":[\"https:\\\/\\\/ingra.net\\\/online\\\/mas-de-20-anos-al-lado-del-profesional\\\/#respond\"]}]},{\"@type\":\"WebPage\",\"@id\":\"https:\\\/\\\/ingra.net\\\/online\\\/mas-de-20-anos-al-lado-del-profesional\\\/\",\"url\":\"https:\\\/\\\/ingra.net\\\/online\\\/mas-de-20-anos-al-lado-del-profesional\\\/\",\"name\":\"M\u00e1s de 20 a\u00f1os al lado del profesional | Ingra Impresores\",\"isPartOf\":{\"@id\":\"https:\\\/\\\/ingra.net\\\/online\\\/#website\"},\"primaryImageOfPage\":{\"@id\":\"https:\\\/\\\/ingra.net\\\/online\\\/mas-de-20-anos-al-lado-del-profesional\\\/#primaryimage\"},\"image\":{\"@id\":\"https:\\\/\\\/ingra.net\\\/online\\\/mas-de-20-anos-al-lado-del-profesional\\\/#primaryimage\"},\"thumbnailUrl\":\"http:\\\/\\\/ingra.net\\\/online\\\/wp-content\\\/uploads\\\/2013\\\/09\\\/articulo_prof.jpg\",\"datePublished\":\"2013-09-17T21:31:16+00:00\",\"dateModified\":\"2013-09-17T21:34:43+00:00\",\"breadcrumb\":{\"@id\":\"https:\\\/\\\/ingra.net\\\/online\\\/mas-de-20-anos-al-lado-del-profesional\\\/#breadcrumb\"},\"inLanguage\":\"es\",\"potentialAction\":[{\"@type\":\"ReadAction\",\"target\":[\"https:\\\/\\\/ingra.net\\\/online\\\/mas-de-20-anos-al-lado-del-profesional\\\/\"]}]},{\"@type\":\"ImageObject\",\"inLanguage\":\"es\",\"@id\":\"https:\\\/\\\/ingra.net\\\/online\\\/mas-de-20-anos-al-lado-del-profesional\\\/#primaryimage\",\"url\":\"https:\\\/\\\/ingra.net\\\/online\\\/wp-content\\\/uploads\\\/2013\\\/09\\\/articulo_prof.jpg\",\"contentUrl\":\"https:\\\/\\\/ingra.net\\\/online\\\/wp-content\\\/uploads\\\/2013\\\/09\\\/articulo_prof.jpg\",\"width\":485,\"height\":350},{\"@type\":\"BreadcrumbList\",\"@id\":\"https:\\\/\\\/ingra.net\\\/online\\\/mas-de-20-anos-al-lado-del-profesional\\\/#breadcrumb\",\"itemListElement\":[{\"@type\":\"ListItem\",\"position\":1,\"name\":\"Portada\",\"item\":\"https:\\\/\\\/ingra.net\\\/online\\\/\"},{\"@type\":\"ListItem\",\"position\":2,\"name\":\"M\u00e1s de 20 a\u00f1os al lado del profesional\"}]},{\"@type\":\"WebSite\",\"@id\":\"https:\\\/\\\/ingra.net\\\/online\\\/#website\",\"url\":\"https:\\\/\\\/ingra.net\\\/online\\\/\",\"name\":\"Ingra Impresores\",\"description\":\"Imprenta Offset y digital en Alicante\",\"publisher\":{\"@id\":\"https:\\\/\\\/ingra.net\\\/online\\\/#organization\"},\"alternateName\":\"INGRA\",\"potentialAction\":[{\"@type\":\"SearchAction\",\"target\":{\"@type\":\"EntryPoint\",\"urlTemplate\":\"https:\\\/\\\/ingra.net\\\/online\\\/?s={search_term_string}\"},\"query-input\":{\"@type\":\"PropertyValueSpecification\",\"valueRequired\":true,\"valueName\":\"search_term_string\"}}],\"inLanguage\":\"es\"},{\"@type\":\"Organization\",\"@id\":\"https:\\\/\\\/ingra.net\\\/online\\\/#organization\",\"name\":\"Ingra Impresores\",\"alternateName\":\"Ingra impresores\",\"url\":\"https:\\\/\\\/ingra.net\\\/online\\\/\",\"logo\":{\"@type\":\"ImageObject\",\"inLanguage\":\"es\",\"@id\":\"https:\\\/\\\/ingra.net\\\/online\\\/#\\\/schema\\\/logo\\\/image\\\/\",\"url\":\"https:\\\/\\\/ingra.net\\\/online\\\/wp-content\\\/uploads\\\/2012\\\/11\\\/logo.png\",\"contentUrl\":\"https:\\\/\\\/ingra.net\\\/online\\\/wp-content\\\/uploads\\\/2012\\\/11\\\/logo.png\",\"width\":360,\"height\":105,\"caption\":\"Ingra Impresores\"},\"image\":{\"@id\":\"https:\\\/\\\/ingra.net\\\/online\\\/#\\\/schema\\\/logo\\\/image\\\/\"},\"sameAs\":[\"https:\\\/\\\/www.facebook.com\\\/INGRAIMPRESORES\",\"https:\\\/\\\/x.com\\\/IngraImpresores\",\"https:\\\/\\\/www.instagram.com\\\/ingraimpresoresalicante\\\/\"]},{\"@type\":\"Person\",\"@id\":\"https:\\\/\\\/ingra.net\\\/online\\\/#\\\/schema\\\/person\\\/cb8ac7bf3c7e33e7c44c2d7d1f3875b6\",\"name\":\"admin\",\"image\":{\"@type\":\"ImageObject\",\"inLanguage\":\"es\",\"@id\":\"https:\\\/\\\/secure.gravatar.com\\\/avatar\\\/e9eec13b36f2a04432f14b26941bc1216f5d1a2c9f931a262b3511cbf47cdce9?s=96&d=mm&r=g\",\"url\":\"https:\\\/\\\/secure.gravatar.com\\\/avatar\\\/e9eec13b36f2a04432f14b26941bc1216f5d1a2c9f931a262b3511cbf47cdce9?s=96&d=mm&r=g\",\"contentUrl\":\"https:\\\/\\\/secure.gravatar.com\\\/avatar\\\/e9eec13b36f2a04432f14b26941bc1216f5d1a2c9f931a262b3511cbf47cdce9?s=96&d=mm&r=g\",\"caption\":\"admin\"},\"url\":\"https:\\\/\\\/ingra.net\\\/online\\\/author\\\/admin\\\/\"}]}<\/script>\n<!-- \/ Yoast SEO plugin. -->","yoast_head_json":{"title":"M\u00e1s de 20 a\u00f1os al lado del profesional | Ingra Impresores","robots":{"index":"index","follow":"follow","max-snippet":"max-snippet:-1","max-image-preview":"max-image-preview:large","max-video-preview":"max-video-preview:-1"},"canonical":"https:\/\/ingra.net\/online\/mas-de-20-anos-al-lado-del-profesional\/","og_locale":"es_ES","og_type":"article","og_title":"M\u00e1s de 20 a\u00f1os al lado del profesional | Ingra Impresores","og_description":"Ingra Impresores destaca por los servicios y atenci\u00f3n prestadas a los profesionales de la edici\u00f3n y el dise\u00f1o gr\u00e1fico. Durante","og_url":"https:\/\/ingra.net\/online\/mas-de-20-anos-al-lado-del-profesional\/","og_site_name":"Ingra Impresores","article_publisher":"https:\/\/www.facebook.com\/INGRAIMPRESORES","article_published_time":"2013-09-17T21:31:16+00:00","article_modified_time":"2013-09-17T21:34:43+00:00","og_image":[{"url":"http:\/\/ingra.net\/online\/wp-content\/uploads\/2013\/09\/articulo_prof.jpg","type":"","width":"","height":""}],"author":"admin","twitter_card":"summary_large_image","twitter_creator":"@IngraImpresores","twitter_site":"@IngraImpresores","twitter_misc":{"Escrito por":"admin","Tiempo de lectura":"1 minuto"},"schema":{"@context":"https:\/\/schema.org","@graph":[{"@type":"Article","@id":"https:\/\/ingra.net\/online\/mas-de-20-anos-al-lado-del-profesional\/#article","isPartOf":{"@id":"https:\/\/ingra.net\/online\/mas-de-20-anos-al-lado-del-profesional\/"},"author":{"name":"admin","@id":"https:\/\/ingra.net\/online\/#\/schema\/person\/cb8ac7bf3c7e33e7c44c2d7d1f3875b6"},"headline":"M\u00e1s de 20 a\u00f1os al lado del profesional","datePublished":"2013-09-17T21:31:16+00:00","dateModified":"2013-09-17T21:34:43+00:00","mainEntityOfPage":{"@id":"https:\/\/ingra.net\/online\/mas-de-20-anos-al-lado-del-profesional\/"},"wordCount":181,"commentCount":0,"publisher":{"@id":"https:\/\/ingra.net\/online\/#organization"},"image":{"@id":"https:\/\/ingra.net\/online\/mas-de-20-anos-al-lado-del-profesional\/#primaryimage"},"thumbnailUrl":"http:\/\/ingra.net\/online\/wp-content\/uploads\/2013\/09\/articulo_prof.jpg","keywords":["dise\u00f1o gr\u00e1fico","edici\u00f3n","profesionales"],"articleSection":["General"],"inLanguage":"es","potentialAction":[{"@type":"CommentAction","name":"Comment","target":["https:\/\/ingra.net\/online\/mas-de-20-anos-al-lado-del-profesional\/#respond"]}]},{"@type":"WebPage","@id":"https:\/\/ingra.net\/online\/mas-de-20-anos-al-lado-del-profesional\/","url":"https:\/\/ingra.net\/online\/mas-de-20-anos-al-lado-del-profesional\/","name":"M\u00e1s de 20 a\u00f1os al lado del profesional | Ingra Impresores","isPartOf":{"@id":"https:\/\/ingra.net\/online\/#website"},"primaryImageOfPage":{"@id":"https:\/\/ingra.net\/online\/mas-de-20-anos-al-lado-del-profesional\/#primaryimage"},"image":{"@id":"https:\/\/ingra.net\/online\/mas-de-20-anos-al-lado-del-profesional\/#primaryimage"},"thumbnailUrl":"http:\/\/ingra.net\/online\/wp-content\/uploads\/2013\/09\/articulo_prof.jpg","datePublished":"2013-09-17T21:31:16+00:00","dateModified":"2013-09-17T21:34:43+00:00","breadcrumb":{"@id":"https:\/\/ingra.net\/online\/mas-de-20-anos-al-lado-del-profesional\/#breadcrumb"},"inLanguage":"es","potentialAction":[{"@type":"ReadAction","target":["https:\/\/ingra.net\/online\/mas-de-20-anos-al-lado-del-profesional\/"]}]},{"@type":"ImageObject","inLanguage":"es","@id":"https:\/\/ingra.net\/online\/mas-de-20-anos-al-lado-del-profesional\/#primaryimage","url":"https:\/\/ingra.net\/online\/wp-content\/uploads\/2013\/09\/articulo_prof.jpg","contentUrl":"https:\/\/ingra.net\/online\/wp-content\/uploads\/2013\/09\/articulo_prof.jpg","width":485,"height":350},{"@type":"BreadcrumbList","@id":"https:\/\/ingra.net\/online\/mas-de-20-anos-al-lado-del-profesional\/#breadcrumb","itemListElement":[{"@type":"ListItem","position":1,"name":"Portada","item":"https:\/\/ingra.net\/online\/"},{"@type":"ListItem","position":2,"name":"M\u00e1s de 20 a\u00f1os al lado del profesional"}]},{"@type":"WebSite","@id":"https:\/\/ingra.net\/online\/#website","url":"https:\/\/ingra.net\/online\/","name":"Ingra Impresores","description":"Imprenta Offset y digital en Alicante","publisher":{"@id":"https:\/\/ingra.net\/online\/#organization"},"alternateName":"INGRA","potentialAction":[{"@type":"SearchAction","target":{"@type":"EntryPoint","urlTemplate":"https:\/\/ingra.net\/online\/?s={search_term_string}"},"query-input":{"@type":"PropertyValueSpecification","valueRequired":true,"valueName":"search_term_string"}}],"inLanguage":"es"},{"@type":"Organization","@id":"https:\/\/ingra.net\/online\/#organization","name":"Ingra Impresores","alternateName":"Ingra impresores","url":"https:\/\/ingra.net\/online\/","logo":{"@type":"ImageObject","inLanguage":"es","@id":"https:\/\/ingra.net\/online\/#\/schema\/logo\/image\/","url":"https:\/\/ingra.net\/online\/wp-content\/uploads\/2012\/11\/logo.png","contentUrl":"https:\/\/ingra.net\/online\/wp-content\/uploads\/2012\/11\/logo.png","width":360,"height":105,"caption":"Ingra Impresores"},"image":{"@id":"https:\/\/ingra.net\/online\/#\/schema\/logo\/image\/"},"sameAs":["https:\/\/www.facebook.com\/INGRAIMPRESORES","https:\/\/x.com\/IngraImpresores","https:\/\/www.instagram.com\/ingraimpresoresalicante\/"]},{"@type":"Person","@id":"https:\/\/ingra.net\/online\/#\/schema\/person\/cb8ac7bf3c7e33e7c44c2d7d1f3875b6","name":"admin","image":{"@type":"ImageObject","inLanguage":"es","@id":"https:\/\/secure.gravatar.com\/avatar\/e9eec13b36f2a04432f14b26941bc1216f5d1a2c9f931a262b3511cbf47cdce9?s=96&d=mm&r=g","url":"https:\/\/secure.gravatar.com\/avatar\/e9eec13b36f2a04432f14b26941bc1216f5d1a2c9f931a262b3511cbf47cdce9?s=96&d=mm&r=g","contentUrl":"https:\/\/secure.gravatar.com\/avatar\/e9eec13b36f2a04432f14b26941bc1216f5d1a2c9f931a262b3511cbf47cdce9?s=96&d=mm&r=g","caption":"admin"},"url":"https:\/\/ingra.net\/online\/author\/admin\/"}]}},"_links":{"self":[{"href":"https:\/\/ingra.net\/online\/wp-json\/wp\/v2\/posts\/1100","targetHints":{"allow":["GET"]}}],"collection":[{"href":"https:\/\/ingra.net\/online\/wp-json\/wp\/v2\/posts"}],"about":[{"href":"https:\/\/ingra.net\/online\/wp-json\/wp\/v2\/types\/post"}],"author":[{"embeddable":true,"href":"https:\/\/ingra.net\/online\/wp-json\/wp\/v2\/users\/1"}],"replies":[{"embeddable":true,"href":"https:\/\/ingra.net\/online\/wp-json\/wp\/v2\/comments?post=1100"}],"version-history":[{"count":0,"href":"https:\/\/ingra.net\/online\/wp-json\/wp\/v2\/posts\/1100\/revisions"}],"wp:attachment":[{"href":"https:\/\/ingra.net\/online\/wp-json\/wp\/v2\/media?parent=1100"}],"wp:term":[{"taxonomy":"category","embeddable":true,"href":"https:\/\/ingra.net\/online\/wp-json\/wp\/v2\/categories?post=1100"},{"taxonomy":"post_tag","embeddable":true,"href":"https:\/\/ingra.net\/online\/wp-json\/wp\/v2\/tags?post=1100"}],"curies":[{"name":"wp","href":"https:\/\/api.w.org\/{rel}","templated":true}]}}