{"id":1040,"date":"2013-06-01T09:00:49","date_gmt":"2013-06-01T09:00:49","guid":{"rendered":"http:\/\/ingra.net\/online\/?p=1040"},"modified":"2013-06-01T09:00:49","modified_gmt":"2013-06-01T09:00:49","slug":"x-congreso-nacional-de-historia-del-papel-en-espana","status":"publish","type":"post","link":"https:\/\/ingra.net\/online\/x-congreso-nacional-de-historia-del-papel-en-espana\/","title":{"rendered":"X Congreso nacional de historia del papel en Espa\u00f1a"},"content":{"rendered":"<p>[nota de prensa]\u00a0La Asociaci\u00f3n Hisp\u00e1nica de Historiadores del Papel (AHHP) organiza su X Congreso Nacional sobre Historia del Papel en Madrid.<\/p>\n<p>La Comunidad Aut\u00f3noma de Madrid ha tenido una enorme importancia en la historia de la fabricaci\u00f3n del papel en la Pen\u00ednsula, ya que aqu\u00ed se encuentra el molino papelero de El Paular (uno de los m\u00e1s antiguos documentados), el Complejo Industrial de Nuevo Bazt\u00e1n donde Juan de Goyeneche instal\u00f3 un molino papelero para imprimir La Gaceta de Madrid, la Real F\u00e1brica de Papel de San Fernando de Henares y la primera f\u00e1brica de papel continuo en Espa\u00f1a, situada en Manzanares el Real.<\/p>\n<p>El programa del Congreso prev\u00e9 una conferencia inaugural a cargo de Pierre Tschudin, presidente honorario de la International Association of Paper Historians, as\u00ed como la concesi\u00f3n de los premios Jos\u00e9 Luis Asenjo y Trayectoria Profesional, una visita a la exposici\u00f3n \u201cEl papel 2000 a\u00f1os de historia. Madrid, como centro papelero\u201d en el Museo Imprenta Municipal, visita a Nuevo Bazt\u00e1n y los restos arqueol\u00f3gicos del molino papelero de Oruzco y un concurso de trajes de papel.<\/p>\n<p>Para m\u00e1s informaci\u00f3n:\u00a0<a href=\"mailto:aspapel%40aspapel.es\">aspapel@aspapel.es<\/a>. AHHP<\/p>\n","protected":false},"excerpt":{"rendered":"<p>[nota de prensa]\u00a0La Asociaci\u00f3n Hisp\u00e1nica de Historiadores del Papel (AHHP) organiza su X Congreso Nacional sobre Historia del Papel en<\/p>\n","protected":false},"author":1,"featured_media":0,"comment_status":"open","ping_status":"open","sticky":false,"template":"","format":"standard","meta":{"_monsterinsights_skip_tracking":false,"_monsterinsights_sitenote_active":false,"_monsterinsights_sitenote_note":"","_monsterinsights_sitenote_category":0,"footnotes":""},"categories":[18],"tags":[301,195],"class_list":["post-1040","post","type-post","status-publish","format-standard","hentry","category-general","tag-congreso","tag-papel"],"yoast_head":"<!-- This site is optimized with the Yoast SEO plugin v27.4 - https:\/\/yoast.com\/product\/yoast-seo-wordpress\/ -->\n<title>X Congreso nacional de historia del papel en Espa\u00f1a | Ingra Impresores<\/title>\n<meta name=\"robots\" content=\"index, follow, max-snippet:-1, max-image-preview:large, max-video-preview:-1\" \/>\n<link rel=\"canonical\" href=\"https:\/\/ingra.net\/online\/x-congreso-nacional-de-historia-del-papel-en-espana\/\" \/>\n<meta property=\"og:locale\" content=\"es_ES\" \/>\n<meta property=\"og:type\" content=\"article\" \/>\n<meta property=\"og:title\" content=\"X Congreso nacional de historia del papel en Espa\u00f1a | Ingra Impresores\" \/>\n<meta property=\"og:description\" content=\"[nota de prensa]\u00a0La Asociaci\u00f3n Hisp\u00e1nica de Historiadores del Papel (AHHP) organiza su X Congreso Nacional sobre Historia del Papel en\" \/>\n<meta property=\"og:url\" content=\"https:\/\/ingra.net\/online\/x-congreso-nacional-de-historia-del-papel-en-espana\/\" \/>\n<meta property=\"og:site_name\" content=\"Ingra Impresores\" \/>\n<meta property=\"article:publisher\" content=\"https:\/\/www.facebook.com\/INGRAIMPRESORES\" \/>\n<meta property=\"article:published_time\" content=\"2013-06-01T09:00:49+00:00\" \/>\n<meta property=\"og:image\" content=\"https:\/\/ingra.net\/online\/wp-content\/uploads\/2020\/03\/slider_color.jpg\" \/>\n\t<meta property=\"og:image:width\" content=\"1900\" \/>\n\t<meta property=\"og:image:height\" content=\"1080\" \/>\n\t<meta property=\"og:image:type\" content=\"image\/jpeg\" \/>\n<meta name=\"author\" content=\"admin\" \/>\n<meta name=\"twitter:card\" content=\"summary_large_image\" \/>\n<meta name=\"twitter:creator\" content=\"@IngraImpresores\" \/>\n<meta name=\"twitter:site\" content=\"@IngraImpresores\" \/>\n<meta name=\"twitter:label1\" content=\"Escrito por\" \/>\n\t<meta name=\"twitter:data1\" content=\"admin\" \/>\n\t<meta name=\"twitter:label2\" content=\"Tiempo de lectura\" \/>\n\t<meta name=\"twitter:data2\" content=\"1 minuto\" \/>\n<script type=\"application\/ld+json\" class=\"yoast-schema-graph\">{\"@context\":\"https:\\\/\\\/schema.org\",\"@graph\":[{\"@type\":\"Article\",\"@id\":\"https:\\\/\\\/ingra.net\\\/online\\\/x-congreso-nacional-de-historia-del-papel-en-espana\\\/#article\",\"isPartOf\":{\"@id\":\"https:\\\/\\\/ingra.net\\\/online\\\/x-congreso-nacional-de-historia-del-papel-en-espana\\\/\"},\"author\":{\"name\":\"admin\",\"@id\":\"https:\\\/\\\/ingra.net\\\/online\\\/#\\\/schema\\\/person\\\/cb8ac7bf3c7e33e7c44c2d7d1f3875b6\"},\"headline\":\"X Congreso nacional de historia del papel en Espa\u00f1a\",\"datePublished\":\"2013-06-01T09:00:49+00:00\",\"mainEntityOfPage\":{\"@id\":\"https:\\\/\\\/ingra.net\\\/online\\\/x-congreso-nacional-de-historia-del-papel-en-espana\\\/\"},\"wordCount\":212,\"commentCount\":0,\"publisher\":{\"@id\":\"https:\\\/\\\/ingra.net\\\/online\\\/#organization\"},\"keywords\":[\"congreso\",\"papel\"],\"articleSection\":[\"General\"],\"inLanguage\":\"es\",\"potentialAction\":[{\"@type\":\"CommentAction\",\"name\":\"Comment\",\"target\":[\"https:\\\/\\\/ingra.net\\\/online\\\/x-congreso-nacional-de-historia-del-papel-en-espana\\\/#respond\"]}]},{\"@type\":\"WebPage\",\"@id\":\"https:\\\/\\\/ingra.net\\\/online\\\/x-congreso-nacional-de-historia-del-papel-en-espana\\\/\",\"url\":\"https:\\\/\\\/ingra.net\\\/online\\\/x-congreso-nacional-de-historia-del-papel-en-espana\\\/\",\"name\":\"X Congreso nacional de historia del papel en Espa\u00f1a | Ingra Impresores\",\"isPartOf\":{\"@id\":\"https:\\\/\\\/ingra.net\\\/online\\\/#website\"},\"datePublished\":\"2013-06-01T09:00:49+00:00\",\"breadcrumb\":{\"@id\":\"https:\\\/\\\/ingra.net\\\/online\\\/x-congreso-nacional-de-historia-del-papel-en-espana\\\/#breadcrumb\"},\"inLanguage\":\"es\",\"potentialAction\":[{\"@type\":\"ReadAction\",\"target\":[\"https:\\\/\\\/ingra.net\\\/online\\\/x-congreso-nacional-de-historia-del-papel-en-espana\\\/\"]}]},{\"@type\":\"BreadcrumbList\",\"@id\":\"https:\\\/\\\/ingra.net\\\/online\\\/x-congreso-nacional-de-historia-del-papel-en-espana\\\/#breadcrumb\",\"itemListElement\":[{\"@type\":\"ListItem\",\"position\":1,\"name\":\"Portada\",\"item\":\"https:\\\/\\\/ingra.net\\\/online\\\/\"},{\"@type\":\"ListItem\",\"position\":2,\"name\":\"X Congreso nacional de historia del papel en Espa\u00f1a\"}]},{\"@type\":\"WebSite\",\"@id\":\"https:\\\/\\\/ingra.net\\\/online\\\/#website\",\"url\":\"https:\\\/\\\/ingra.net\\\/online\\\/\",\"name\":\"Ingra Impresores\",\"description\":\"Imprenta Offset y digital en Alicante\",\"publisher\":{\"@id\":\"https:\\\/\\\/ingra.net\\\/online\\\/#organization\"},\"alternateName\":\"INGRA\",\"potentialAction\":[{\"@type\":\"SearchAction\",\"target\":{\"@type\":\"EntryPoint\",\"urlTemplate\":\"https:\\\/\\\/ingra.net\\\/online\\\/?s={search_term_string}\"},\"query-input\":{\"@type\":\"PropertyValueSpecification\",\"valueRequired\":true,\"valueName\":\"search_term_string\"}}],\"inLanguage\":\"es\"},{\"@type\":\"Organization\",\"@id\":\"https:\\\/\\\/ingra.net\\\/online\\\/#organization\",\"name\":\"Ingra Impresores\",\"alternateName\":\"Ingra impresores\",\"url\":\"https:\\\/\\\/ingra.net\\\/online\\\/\",\"logo\":{\"@type\":\"ImageObject\",\"inLanguage\":\"es\",\"@id\":\"https:\\\/\\\/ingra.net\\\/online\\\/#\\\/schema\\\/logo\\\/image\\\/\",\"url\":\"https:\\\/\\\/ingra.net\\\/online\\\/wp-content\\\/uploads\\\/2012\\\/11\\\/logo.png\",\"contentUrl\":\"https:\\\/\\\/ingra.net\\\/online\\\/wp-content\\\/uploads\\\/2012\\\/11\\\/logo.png\",\"width\":360,\"height\":105,\"caption\":\"Ingra Impresores\"},\"image\":{\"@id\":\"https:\\\/\\\/ingra.net\\\/online\\\/#\\\/schema\\\/logo\\\/image\\\/\"},\"sameAs\":[\"https:\\\/\\\/www.facebook.com\\\/INGRAIMPRESORES\",\"https:\\\/\\\/x.com\\\/IngraImpresores\",\"https:\\\/\\\/www.instagram.com\\\/ingraimpresoresalicante\\\/\"]},{\"@type\":\"Person\",\"@id\":\"https:\\\/\\\/ingra.net\\\/online\\\/#\\\/schema\\\/person\\\/cb8ac7bf3c7e33e7c44c2d7d1f3875b6\",\"name\":\"admin\",\"image\":{\"@type\":\"ImageObject\",\"inLanguage\":\"es\",\"@id\":\"https:\\\/\\\/secure.gravatar.com\\\/avatar\\\/e9eec13b36f2a04432f14b26941bc1216f5d1a2c9f931a262b3511cbf47cdce9?s=96&d=mm&r=g\",\"url\":\"https:\\\/\\\/secure.gravatar.com\\\/avatar\\\/e9eec13b36f2a04432f14b26941bc1216f5d1a2c9f931a262b3511cbf47cdce9?s=96&d=mm&r=g\",\"contentUrl\":\"https:\\\/\\\/secure.gravatar.com\\\/avatar\\\/e9eec13b36f2a04432f14b26941bc1216f5d1a2c9f931a262b3511cbf47cdce9?s=96&d=mm&r=g\",\"caption\":\"admin\"},\"url\":\"https:\\\/\\\/ingra.net\\\/online\\\/author\\\/admin\\\/\"}]}<\/script>\n<!-- \/ Yoast SEO plugin. -->","yoast_head_json":{"title":"X Congreso nacional de historia del papel en Espa\u00f1a | Ingra Impresores","robots":{"index":"index","follow":"follow","max-snippet":"max-snippet:-1","max-image-preview":"max-image-preview:large","max-video-preview":"max-video-preview:-1"},"canonical":"https:\/\/ingra.net\/online\/x-congreso-nacional-de-historia-del-papel-en-espana\/","og_locale":"es_ES","og_type":"article","og_title":"X Congreso nacional de historia del papel en Espa\u00f1a | Ingra Impresores","og_description":"[nota de prensa]\u00a0La Asociaci\u00f3n Hisp\u00e1nica de Historiadores del Papel (AHHP) organiza su X Congreso Nacional sobre Historia del Papel en","og_url":"https:\/\/ingra.net\/online\/x-congreso-nacional-de-historia-del-papel-en-espana\/","og_site_name":"Ingra Impresores","article_publisher":"https:\/\/www.facebook.com\/INGRAIMPRESORES","article_published_time":"2013-06-01T09:00:49+00:00","og_image":[{"width":1900,"height":1080,"url":"https:\/\/ingra.net\/online\/wp-content\/uploads\/2020\/03\/slider_color.jpg","type":"image\/jpeg"}],"author":"admin","twitter_card":"summary_large_image","twitter_creator":"@IngraImpresores","twitter_site":"@IngraImpresores","twitter_misc":{"Escrito por":"admin","Tiempo de lectura":"1 minuto"},"schema":{"@context":"https:\/\/schema.org","@graph":[{"@type":"Article","@id":"https:\/\/ingra.net\/online\/x-congreso-nacional-de-historia-del-papel-en-espana\/#article","isPartOf":{"@id":"https:\/\/ingra.net\/online\/x-congreso-nacional-de-historia-del-papel-en-espana\/"},"author":{"name":"admin","@id":"https:\/\/ingra.net\/online\/#\/schema\/person\/cb8ac7bf3c7e33e7c44c2d7d1f3875b6"},"headline":"X Congreso nacional de historia del papel en Espa\u00f1a","datePublished":"2013-06-01T09:00:49+00:00","mainEntityOfPage":{"@id":"https:\/\/ingra.net\/online\/x-congreso-nacional-de-historia-del-papel-en-espana\/"},"wordCount":212,"commentCount":0,"publisher":{"@id":"https:\/\/ingra.net\/online\/#organization"},"keywords":["congreso","papel"],"articleSection":["General"],"inLanguage":"es","potentialAction":[{"@type":"CommentAction","name":"Comment","target":["https:\/\/ingra.net\/online\/x-congreso-nacional-de-historia-del-papel-en-espana\/#respond"]}]},{"@type":"WebPage","@id":"https:\/\/ingra.net\/online\/x-congreso-nacional-de-historia-del-papel-en-espana\/","url":"https:\/\/ingra.net\/online\/x-congreso-nacional-de-historia-del-papel-en-espana\/","name":"X Congreso nacional de historia del papel en Espa\u00f1a | Ingra Impresores","isPartOf":{"@id":"https:\/\/ingra.net\/online\/#website"},"datePublished":"2013-06-01T09:00:49+00:00","breadcrumb":{"@id":"https:\/\/ingra.net\/online\/x-congreso-nacional-de-historia-del-papel-en-espana\/#breadcrumb"},"inLanguage":"es","potentialAction":[{"@type":"ReadAction","target":["https:\/\/ingra.net\/online\/x-congreso-nacional-de-historia-del-papel-en-espana\/"]}]},{"@type":"BreadcrumbList","@id":"https:\/\/ingra.net\/online\/x-congreso-nacional-de-historia-del-papel-en-espana\/#breadcrumb","itemListElement":[{"@type":"ListItem","position":1,"name":"Portada","item":"https:\/\/ingra.net\/online\/"},{"@type":"ListItem","position":2,"name":"X Congreso nacional de historia del papel en Espa\u00f1a"}]},{"@type":"WebSite","@id":"https:\/\/ingra.net\/online\/#website","url":"https:\/\/ingra.net\/online\/","name":"Ingra Impresores","description":"Imprenta Offset y digital en Alicante","publisher":{"@id":"https:\/\/ingra.net\/online\/#organization"},"alternateName":"INGRA","potentialAction":[{"@type":"SearchAction","target":{"@type":"EntryPoint","urlTemplate":"https:\/\/ingra.net\/online\/?s={search_term_string}"},"query-input":{"@type":"PropertyValueSpecification","valueRequired":true,"valueName":"search_term_string"}}],"inLanguage":"es"},{"@type":"Organization","@id":"https:\/\/ingra.net\/online\/#organization","name":"Ingra Impresores","alternateName":"Ingra impresores","url":"https:\/\/ingra.net\/online\/","logo":{"@type":"ImageObject","inLanguage":"es","@id":"https:\/\/ingra.net\/online\/#\/schema\/logo\/image\/","url":"https:\/\/ingra.net\/online\/wp-content\/uploads\/2012\/11\/logo.png","contentUrl":"https:\/\/ingra.net\/online\/wp-content\/uploads\/2012\/11\/logo.png","width":360,"height":105,"caption":"Ingra Impresores"},"image":{"@id":"https:\/\/ingra.net\/online\/#\/schema\/logo\/image\/"},"sameAs":["https:\/\/www.facebook.com\/INGRAIMPRESORES","https:\/\/x.com\/IngraImpresores","https:\/\/www.instagram.com\/ingraimpresoresalicante\/"]},{"@type":"Person","@id":"https:\/\/ingra.net\/online\/#\/schema\/person\/cb8ac7bf3c7e33e7c44c2d7d1f3875b6","name":"admin","image":{"@type":"ImageObject","inLanguage":"es","@id":"https:\/\/secure.gravatar.com\/avatar\/e9eec13b36f2a04432f14b26941bc1216f5d1a2c9f931a262b3511cbf47cdce9?s=96&d=mm&r=g","url":"https:\/\/secure.gravatar.com\/avatar\/e9eec13b36f2a04432f14b26941bc1216f5d1a2c9f931a262b3511cbf47cdce9?s=96&d=mm&r=g","contentUrl":"https:\/\/secure.gravatar.com\/avatar\/e9eec13b36f2a04432f14b26941bc1216f5d1a2c9f931a262b3511cbf47cdce9?s=96&d=mm&r=g","caption":"admin"},"url":"https:\/\/ingra.net\/online\/author\/admin\/"}]}},"_links":{"self":[{"href":"https:\/\/ingra.net\/online\/wp-json\/wp\/v2\/posts\/1040","targetHints":{"allow":["GET"]}}],"collection":[{"href":"https:\/\/ingra.net\/online\/wp-json\/wp\/v2\/posts"}],"about":[{"href":"https:\/\/ingra.net\/online\/wp-json\/wp\/v2\/types\/post"}],"author":[{"embeddable":true,"href":"https:\/\/ingra.net\/online\/wp-json\/wp\/v2\/users\/1"}],"replies":[{"embeddable":true,"href":"https:\/\/ingra.net\/online\/wp-json\/wp\/v2\/comments?post=1040"}],"version-history":[{"count":0,"href":"https:\/\/ingra.net\/online\/wp-json\/wp\/v2\/posts\/1040\/revisions"}],"wp:attachment":[{"href":"https:\/\/ingra.net\/online\/wp-json\/wp\/v2\/media?parent=1040"}],"wp:term":[{"taxonomy":"category","embeddable":true,"href":"https:\/\/ingra.net\/online\/wp-json\/wp\/v2\/categories?post=1040"},{"taxonomy":"post_tag","embeddable":true,"href":"https:\/\/ingra.net\/online\/wp-json\/wp\/v2\/tags?post=1040"}],"curies":[{"name":"wp","href":"https:\/\/api.w.org\/{rel}","templated":true}]}}